{"id":1373,"date":"2024-07-15T17:22:45","date_gmt":"2024-07-15T20:22:45","guid":{"rendered":"https:\/\/elfaroonline.com.ar\/?p=1373"},"modified":"2024-07-15T17:23:28","modified_gmt":"2024-07-15T20:23:28","slug":"fernando-burlando-pidio-que-larguen-a-loan-y-ofrecio-su-propia-recompensa","status":"publish","type":"post","link":"https:\/\/elfaroonline.com.ar\/index.php\/2024\/07\/15\/fernando-burlando-pidio-que-larguen-a-loan-y-ofrecio-su-propia-recompensa\/","title":{"rendered":"Fernando Burlando pidi\u00f3 que \u201clarguen a Loan\u201d y ofreci\u00f3 su propia recompensa"},"content":{"rendered":"<p>El abogado que representa a los padres del chico desaparecido public\u00f3 un video en su cuenta de Instagram. \u201cNecesito recuperarlo, todos lo necesitamos\u201d, asegur\u00f3 el letrado. La oferta se suma a los $5 millones que ofrece el Gobierno.<br \/>\nEn un video difundido en su cuenta de Instagram, el letrado realiz\u00f3 un pedido urgente a posibles involucrados. \u201c<b>Larguen a Loan, si lo ten\u00e9s yo te voy a recompensar si me lo das<\/b>. Si quer\u00e9s ponerte en contacto conmigo, te pas\u00e9 un tel\u00e9fono, pero seguramente te pase otro si quer\u00e9s tener una charla conmigo\u201d, manifest\u00f3.<\/p>\n<p class=\"paragraph\">Asimismo, tambi\u00e9n hizo un llamado a la solidaridad, pidiendo prudencia y colaboraci\u00f3n p\u00fablica: \u201c<b>Necesito recuperar a Loan, todos lo necesitamos, su familia lo espera<\/b>. Si lo ten\u00e9s o si est\u00e1s cerca, ponete en contacto conmigo,<b> te garantizo prudencia y una gran recompensa<\/b>\u201d, asever\u00f3, sin asegurar tampoco si su mensaje fue acordado con los fiscales o la jueza del caso o si podr\u00eda existir una represalia judicial para un informante, si es que tuviera un rol activo en el posible sustracci\u00f3n y ocultamiento del chico.<\/p>\n<p class=\"paragraph\">Ahora, \u00bfpuede Burlando, o cualquier otro letrado, ofrecer una recompensa particular a cambio de secreto? <b>\u201cDecirlo, puede decirlo\u201d<\/b>, asegura una fuente clave del caso al ser consultada por la oferta del abogado.<\/p>\n<div class=\"inline_2 ad-wrapper ad-mobile amp ad-amp\"><\/div>\n<p class=\"paragraph\"><b>El Gobierno ya hab\u00eda publicado su propia recompensa<\/b> desde los primeros d\u00edas del caso. A trav\u00e9s del Sistema Federal de B\u00fasqueda de Personas Extraviadas y Desaparecidas del Ministerio de Seguridad, el Ministerio de Seguridad de la Naci\u00f3n dar\u00e1 una retribuci\u00f3n econ\u00f3mica de <b>$5 millones<\/b> para toda aquellas personas que aporte datos certeros.<\/p>\n<p>D\u00edas atr\u00e1s,<b> Burlando<\/b> anunci\u00f3 que denunciar\u00e1 al Gobierno de Corrientes <b>\u201cpor encubrimiento agravado\u201d<\/b> en los <b>tribunales federales de Comodoro Py.<\/b><\/p>\n<p>El abogado de la familia Pe\u00f1a se\u00f1al\u00f3 que el encubrimiento agravado es por \u201cel hecho de haber violado el secreto de sumario, dar informaci\u00f3n inexacta, que dirijan la investigaci\u00f3n hacia otro lado\u201d y que est\u00e9n involucrados \u201ctodos los protagonistas\u201d. \u201cPor lo menos es encubrimiento agravado, no es una pavada. <b>\u00bfD\u00f3nde quieren que denuncie esto si no reacciona la Justicia? Cuando se habla de Vald\u00e9s y de funcionarios, la Justicia no reacciona, \u00bfo no lo ven?\u201d<\/b>, cuestion\u00f3 el representante legal de la familia del menor de 5 a\u00f1os.<\/p>\n","protected":false},"excerpt":{"rendered":"<p>El abogado que representa a los padres del chico desaparecido public\u00f3 un video en su cuenta de Instagram. \u201cNecesito recuperarlo, todos lo necesitamos\u201d, asegur\u00f3 el letrado. La oferta se suma a los $5 millones que ofrece el Gobierno. En un video difundido en su cuenta de Instagram, el letrado realiz\u00f3 un pedido urgente a posibles [&hellip;]<\/p>\n","protected":false},"author":2,"featured_media":1374,"comment_status":"open","ping_status":"open","sticky":false,"template":"","format":"standard","meta":{"footnotes":""},"categories":[27],"tags":[],"class_list":{"0":"post-1373","1":"post","2":"type-post","3":"status-publish","4":"format-standard","5":"has-post-thumbnail","7":"category-policiales"},"aioseo_notices":[],"_links":{"self":[{"href":"https:\/\/elfaroonline.com.ar\/index.php\/wp-json\/wp\/v2\/posts\/1373","targetHints":{"allow":["GET"]}}],"collection":[{"href":"https:\/\/elfaroonline.com.ar\/index.php\/wp-json\/wp\/v2\/posts"}],"about":[{"href":"https:\/\/elfaroonline.com.ar\/index.php\/wp-json\/wp\/v2\/types\/post"}],"author":[{"embeddable":true,"href":"https:\/\/elfaroonline.com.ar\/index.php\/wp-json\/wp\/v2\/users\/2"}],"replies":[{"embeddable":true,"href":"https:\/\/elfaroonline.com.ar\/index.php\/wp-json\/wp\/v2\/comments?post=1373"}],"version-history":[{"count":2,"href":"https:\/\/elfaroonline.com.ar\/index.php\/wp-json\/wp\/v2\/posts\/1373\/revisions"}],"predecessor-version":[{"id":1376,"href":"https:\/\/elfaroonline.com.ar\/index.php\/wp-json\/wp\/v2\/posts\/1373\/revisions\/1376"}],"wp:featuredmedia":[{"embeddable":true,"href":"https:\/\/elfaroonline.com.ar\/index.php\/wp-json\/wp\/v2\/media\/1374"}],"wp:attachment":[{"href":"https:\/\/elfaroonline.com.ar\/index.php\/wp-json\/wp\/v2\/media?parent=1373"}],"wp:term":[{"taxonomy":"category","embeddable":true,"href":"https:\/\/elfaroonline.com.ar\/index.php\/wp-json\/wp\/v2\/categories?post=1373"},{"taxonomy":"post_tag","embeddable":true,"href":"https:\/\/elfaroonline.com.ar\/index.php\/wp-json\/wp\/v2\/tags?post=1373"}],"curies":[{"name":"wp","href":"https:\/\/api.w.org\/{rel}","templated":true}]}}