{"id":1385,"date":"2024-07-19T12:08:02","date_gmt":"2024-07-19T15:08:02","guid":{"rendered":"https:\/\/elfaroonline.com.ar\/?p=1385"},"modified":"2024-07-19T12:08:02","modified_gmt":"2024-07-19T15:08:02","slug":"continuan-los-operativos-de-seguridad-en-la-capital","status":"publish","type":"post","link":"https:\/\/elfaroonline.com.ar\/index.php\/2024\/07\/19\/continuan-los-operativos-de-seguridad-en-la-capital\/","title":{"rendered":"Contin\u00faan los operativos de seguridad en la Capital"},"content":{"rendered":"<p class=\"v1MsoNormal\">Durante la tarde y la noche de ayer, numerarios de las <b>Comisar\u00edas Primera<\/b> a <b>D\u00e9cima Tercera<\/b> de la Capital, junto a sus pares de los distintos <b>Grupos Especiales<\/b>, de las <b>Direcciones<\/b> y <b>Divisiones de la Polic\u00eda de la Provincia<\/b>, realizaron operativos de saturaci\u00f3n en diferentes puntos de sus jurisdicciones, en los que secuestraron <b>cincuenta y cuatro (54) motocicletas<\/b> de distintas marcas y cilindradas, debido a que sus conductores infringieran lo normado en la Ley Nacional de Tr\u00e1nsito N\u00b0 24.449, por lo que luego de labrar las actas de infracci\u00f3n correspondientes, los rodados fueron remitidos a las dependencias policiales respectivas y al Corral\u00f3n Municipal. Cabe se\u00f1alar que, los uniformados incautaron una Motomel Blitz 110 cc., la cual contaba con un requerimiento Judicial solicitado por la Unidad Judicial N\u00b0 3, a ra\u00edz de una denuncia penal radicada por la sustracci\u00f3n de la misma.<\/p>\n<p class=\"v1MsoNormal\">Asimismo, <b>trece (13) personas<\/b> fueron arrestadas por supuestas infracciones al C\u00f3digo de Faltas de la Provincia, labr\u00e1ndose las actuaciones de rigor, y otros <b>diez (10)<\/b> sujetos aprehendidos por diferentes il\u00edcitos, interviniendo en este caso la Fiscal\u00eda de Instrucci\u00f3n en feria, como as\u00ed tambi\u00e9n durante los procedimientos, los polic\u00edas secuestraron sustancia estupefaciente, tomando conocimiento el Juzgado Federal, desde donde se indicaron las medidas a cumplimentar.<\/p>\n<p class=\"v1MsoNormal\">Es dable mencionar, que estos operativos se realizan bajo los lineamientos del Ministerio de Seguridad y la Jefatura de Polic\u00eda, y consisten en el despliegue de efectivos que trabajan de manera coordinada, en vistas a brindar mayor seguridad en los distintos barrios de esta Ciudad Capital.<\/p>\n","protected":false},"excerpt":{"rendered":"<p>Durante la tarde y la noche de ayer, numerarios de las Comisar\u00edas Primera a D\u00e9cima Tercera de la Capital, junto a sus pares de los distintos Grupos Especiales, de las Direcciones y Divisiones de la Polic\u00eda de la Provincia, realizaron operativos de saturaci\u00f3n en diferentes puntos de sus jurisdicciones, en los que secuestraron cincuenta y [&hellip;]<\/p>\n","protected":false},"author":2,"featured_media":1386,"comment_status":"open","ping_status":"open","sticky":false,"template":"","format":"standard","meta":{"footnotes":""},"categories":[23,27],"tags":[],"class_list":{"0":"post-1385","1":"post","2":"type-post","3":"status-publish","4":"format-standard","5":"has-post-thumbnail","7":"category-destacados","8":"category-policiales"},"aioseo_notices":[],"_links":{"self":[{"href":"https:\/\/elfaroonline.com.ar\/index.php\/wp-json\/wp\/v2\/posts\/1385","targetHints":{"allow":["GET"]}}],"collection":[{"href":"https:\/\/elfaroonline.com.ar\/index.php\/wp-json\/wp\/v2\/posts"}],"about":[{"href":"https:\/\/elfaroonline.com.ar\/index.php\/wp-json\/wp\/v2\/types\/post"}],"author":[{"embeddable":true,"href":"https:\/\/elfaroonline.com.ar\/index.php\/wp-json\/wp\/v2\/users\/2"}],"replies":[{"embeddable":true,"href":"https:\/\/elfaroonline.com.ar\/index.php\/wp-json\/wp\/v2\/comments?post=1385"}],"version-history":[{"count":1,"href":"https:\/\/elfaroonline.com.ar\/index.php\/wp-json\/wp\/v2\/posts\/1385\/revisions"}],"predecessor-version":[{"id":1387,"href":"https:\/\/elfaroonline.com.ar\/index.php\/wp-json\/wp\/v2\/posts\/1385\/revisions\/1387"}],"wp:featuredmedia":[{"embeddable":true,"href":"https:\/\/elfaroonline.com.ar\/index.php\/wp-json\/wp\/v2\/media\/1386"}],"wp:attachment":[{"href":"https:\/\/elfaroonline.com.ar\/index.php\/wp-json\/wp\/v2\/media?parent=1385"}],"wp:term":[{"taxonomy":"category","embeddable":true,"href":"https:\/\/elfaroonline.com.ar\/index.php\/wp-json\/wp\/v2\/categories?post=1385"},{"taxonomy":"post_tag","embeddable":true,"href":"https:\/\/elfaroonline.com.ar\/index.php\/wp-json\/wp\/v2\/tags?post=1385"}],"curies":[{"name":"wp","href":"https:\/\/api.w.org\/{rel}","templated":true}]}}