{"id":1388,"date":"2024-07-19T12:10:37","date_gmt":"2024-07-19T15:10:37","guid":{"rendered":"https:\/\/elfaroonline.com.ar\/?p=1388"},"modified":"2024-07-19T12:10:37","modified_gmt":"2024-07-19T15:10:37","slug":"la-beriso-planto-la-bandera-del-rock-e-hizo-vibrar-al-poncho-2024","status":"publish","type":"post","link":"https:\/\/elfaroonline.com.ar\/index.php\/2024\/07\/19\/la-beriso-planto-la-bandera-del-rock-e-hizo-vibrar-al-poncho-2024\/","title":{"rendered":"La Beriso plant\u00f3 la bandera del rock e hizo vibrar al Poncho 2024"},"content":{"rendered":"<p class=\"v1gmail-MsoNoSpacing\">La Beriso, una de las bandas con mayor crecimiento del rock argentino, lleg\u00f3 por primera vez a la Fiesta Nacional e Internacional del Poncho 2024 a contar sus &#8220;historias&#8221;. Su propuesta amalgam\u00f3 de manera casi perfecta con el siempre vigente show chayero que ofrece el riojano Sergio Galleguillo, transformando la noche del pasado jueves 18 de julio en una celebraci\u00f3n especial.<\/p>\n<p class=\"v1gmail-MsoNoSpacing\">En la oportunidad, el grupo de rock efectu\u00f3 un repaso por sus cl\u00e1sicos. Con un sonido potente y la voz de &#8220;Rolo&#8221; Sartorio, moviliz\u00f3 a una multitud que colm\u00f3 las instalaciones del Predio Ferial Catamarca.<\/p>\n<p class=\"v1gmail-MsoNoSpacing\">En la ocasi\u00f3n, La Beriso present\u00f3 canciones de su nuevo material &#8220;Mienten&#8221;, grabado entre diciembre y enero de 2023, aunque el espect\u00e1culo tambi\u00e9n fue una buena excusa para recorrer los cl\u00e1sicos que forman parte de su amplio repertorio. &#8220;Otra noche m\u00e1s&#8221;, &#8220;C\u00f3mo Olvidarme&#8221; y &#8220;Tus Ojos&#8221; fueron los temas m\u00e1s aclamados por los presentes. Como era de esperar, el conjunto rockero que debutaba en el Poncho de Catamarca recibi\u00f3 la gran ovaci\u00f3n de la noche.<\/p>\n<p class=\"v1gmail-MsoNoSpacing\">Por su parte, el riojano Sergio Galleguillo aport\u00f3 su inconfundible carnaval chayero y con sus cl\u00e1sicas canciones gener\u00f3 un espect\u00e1culo que permiti\u00f3 mantener el clima folcl\u00f3rico bien en alto. Brill\u00f3 ante las miles de personas y dej\u00f3 en clara su pertenencia a estas tierras que lo vieron nacer (en el Festival del Ponchito) y crecer en su arte.<\/p>\n<p class=\"v1gmail-MsoNoSpacing\">Con algunas canciones nuevas en el repertorio, como &#8220;Esta noche contigo&#8221;, motiv\u00f3 el aplauso de la gente, que se transform\u00f3 en ovaci\u00f3n cuando fue el turno de las cl\u00e1sicas composiciones que identifican a este cantor como &#8220;L\u00e1grimas en el coraz\u00f3n&#8221;, &#8220;Ni\u00f1a Chay&#8221; y &#8220;Que linda es la Rioja&#8221;, &#8220;Guitarrero de Amanecidas&#8221;, entre otras.<\/p>\n<p class=\"v1gmail-MsoNoSpacing\">Tambi\u00e9n tuvo invitados especiales como el conjunto de cuarteto Los Herrera, el cantautor N\u00e9stor Pacheco, El duende Garnica, y su hija Salom\u00e9. De esta forma, el artista riojano revalid\u00f3 su v\u00ednculo y cari\u00f1o ante un p\u00fablico que le es siempre fiel desde hace muchos a\u00f1os. La fiesta lleg\u00f3 a su fin y no pod\u00edan faltar esas composiciones que todos cantan y bailan como &#8220;El Cami\u00f3n de Germ\u00e1n&#8221; y &#8220;Carnaval en La Rioja&#8221;, con los cuales el p\u00fablico no dud\u00f3 un instante para chayar, bailar y cantar, generando una de las postales m\u00e1s impactantes de esta edici\u00f3n del Poncho 2024.<\/p>\n<p class=\"v1gmail-MsoNoSpacing\">La noche del jueves 18 tambi\u00e9n aport\u00f3 la calidez y la exquisita interpretaci\u00f3n de sus canciones por parte de una referente del canto catamarque\u00f1o que triunfa a lo largo y ancho del pa\u00eds, como es Nadia Larcher. La cantora andalgalense puso en escena un trabajo s\u00f3lido y compacto, en el que reflej\u00f3 claramente su evoluci\u00f3n art\u00edstica y su crecimiento musical, lo que la posiciona entre las principales artistas que tiene Catamarca a nivel nacional.<\/p>\n<p class=\"v1gmail-MsoNoSpacing\">Con sus cl\u00e1sicas canciones y con su composici\u00f3n propia &#8220;Abrazo Catamarque\u00f1o&#8221;, Agust\u00edn Isasmendi plasm\u00f3 su sello musical en la fiesta mayor de los catamarque\u00f1os al igual que la joven Noelia Tula. La lapace\u00f1a Carla Romero regres\u00f3 al escenario mayor y dej\u00f3 esas canciones que identifican a su terru\u00f1o natal, en tanto que Aldo Luna expuso una destacada puesta en escena que supo fusionar el cancionero nativo con sonidos del altiplano. A ellos, se sum\u00f3 el chumbichano Germ\u00e1n Fuentes, que propuso un repertorio compuesto con algunas de sus propias composiciones.<\/p>\n<p class=\"v1gmail-MsoNoSpacing\">El quinteto vocal Pirca entreg\u00f3 un espect\u00e1culo s\u00f3lido, estructurado en las melod\u00edas que conforman sus recientes trabajos discogr\u00e1ficos y que se sum\u00f3 a la propuesta siempre colorida y valorable que ofrendan los diferentes cuerpos de danzas catamarque\u00f1os como sucedi\u00f3, en esta ocasi\u00f3n, con el Ballet Folcl\u00f3rico El Reencuentro, el Ballet El Montaraz y el imponente espect\u00e1culo que siempre despliega el emblem\u00e1tico Ballet Folcl\u00f3rico Estable Municipal de San Fernando del Valle de Catamarca.<\/p>\n","protected":false},"excerpt":{"rendered":"<p>La Beriso, una de las bandas con mayor crecimiento del rock argentino, lleg\u00f3 por primera vez a la Fiesta Nacional e Internacional del Poncho 2024 a contar sus &#8220;historias&#8221;. Su propuesta amalgam\u00f3 de manera casi perfecta con el siempre vigente show chayero que ofrece el riojano Sergio Galleguillo, transformando la noche del pasado jueves 18 [&hellip;]<\/p>\n","protected":false},"author":2,"featured_media":1389,"comment_status":"open","ping_status":"open","sticky":false,"template":"","format":"standard","meta":{"footnotes":""},"categories":[23,20],"tags":[],"class_list":{"0":"post-1388","1":"post","2":"type-post","3":"status-publish","4":"format-standard","5":"has-post-thumbnail","7":"category-destacados","8":"category-sociedad"},"aioseo_notices":[],"_links":{"self":[{"href":"https:\/\/elfaroonline.com.ar\/index.php\/wp-json\/wp\/v2\/posts\/1388","targetHints":{"allow":["GET"]}}],"collection":[{"href":"https:\/\/elfaroonline.com.ar\/index.php\/wp-json\/wp\/v2\/posts"}],"about":[{"href":"https:\/\/elfaroonline.com.ar\/index.php\/wp-json\/wp\/v2\/types\/post"}],"author":[{"embeddable":true,"href":"https:\/\/elfaroonline.com.ar\/index.php\/wp-json\/wp\/v2\/users\/2"}],"replies":[{"embeddable":true,"href":"https:\/\/elfaroonline.com.ar\/index.php\/wp-json\/wp\/v2\/comments?post=1388"}],"version-history":[{"count":1,"href":"https:\/\/elfaroonline.com.ar\/index.php\/wp-json\/wp\/v2\/posts\/1388\/revisions"}],"predecessor-version":[{"id":1390,"href":"https:\/\/elfaroonline.com.ar\/index.php\/wp-json\/wp\/v2\/posts\/1388\/revisions\/1390"}],"wp:featuredmedia":[{"embeddable":true,"href":"https:\/\/elfaroonline.com.ar\/index.php\/wp-json\/wp\/v2\/media\/1389"}],"wp:attachment":[{"href":"https:\/\/elfaroonline.com.ar\/index.php\/wp-json\/wp\/v2\/media?parent=1388"}],"wp:term":[{"taxonomy":"category","embeddable":true,"href":"https:\/\/elfaroonline.com.ar\/index.php\/wp-json\/wp\/v2\/categories?post=1388"},{"taxonomy":"post_tag","embeddable":true,"href":"https:\/\/elfaroonline.com.ar\/index.php\/wp-json\/wp\/v2\/tags?post=1388"}],"curies":[{"name":"wp","href":"https:\/\/api.w.org\/{rel}","templated":true}]}}