{"id":1441,"date":"2024-07-22T05:48:06","date_gmt":"2024-07-22T08:48:06","guid":{"rendered":"https:\/\/elfaroonline.com.ar\/?p=1441"},"modified":"2024-07-22T05:48:06","modified_gmt":"2024-07-22T08:48:06","slug":"un-motociclista-perdio-la-vida-en-un-siniestro-vial-en-santa-maria","status":"publish","type":"post","link":"https:\/\/elfaroonline.com.ar\/index.php\/2024\/07\/22\/un-motociclista-perdio-la-vida-en-un-siniestro-vial-en-santa-maria\/","title":{"rendered":"Un motociclista perdi\u00f3 la vida en un siniestro vial en Santa Mar\u00eda"},"content":{"rendered":"<p class=\"v1MsoNormal\">Anoche, a las <b>21:55,<\/b> en la intersecci\u00f3n de calles Belgrano y Sarmiento de la Ciudad de Santa Mar\u00eda, Departamento hom\u00f3nimo, se registr\u00f3 un siniestro vial fatal.<\/p>\n<p class=\"v1MsoNormal\">Un <b>adolescente<\/b> de <b>13 a\u00f1os<\/b> de edad, circulaba en una motocicleta Honda Wave 110 cc., de color negro y, por causas que se tratan de establecer, colision\u00f3 con una Honda XLR negra 125 cc., al mando de <b>Leandro Redin Abasse (29).<\/b><\/p>\n<p class=\"v1MsoNormal\">Producto del siniestro, ambas personas sufrieron lesiones que demandaron que fueran asistidas por facultativos m\u00e9dicos del Hospital Zonal &#8220;Dr. Luis Alberto Vargas&#8221;, desde donde minutos despu\u00e9s, informaron el deceso del joven de 29 a\u00f1os, a ra\u00edz de las graves heridas sufridas.<\/p>\n<p class=\"v1MsoNormal\">En el lugar, trabajaron Peritos de la Divisi\u00f3n Criminal\u00edstica y efectivos de la <b>Comisar\u00eda Departamental Santa Mar\u00eda, <\/b>quienes labraron las actuaciones de rigor bajo las directivas de la Fiscal\u00eda de la Cuarta Circunscripci\u00f3n Judicial.<\/p>\n","protected":false},"excerpt":{"rendered":"<p>Anoche, a las 21:55, en la intersecci\u00f3n de calles Belgrano y Sarmiento de la Ciudad de Santa Mar\u00eda, Departamento hom\u00f3nimo, se registr\u00f3 un siniestro vial fatal. Un adolescente de 13 a\u00f1os de edad, circulaba en una motocicleta Honda Wave 110 cc., de color negro y, por causas que se tratan de establecer, colision\u00f3 con una [&hellip;]<\/p>\n","protected":false},"author":2,"featured_media":1442,"comment_status":"open","ping_status":"open","sticky":false,"template":"","format":"standard","meta":{"footnotes":""},"categories":[27],"tags":[],"class_list":{"0":"post-1441","1":"post","2":"type-post","3":"status-publish","4":"format-standard","5":"has-post-thumbnail","7":"category-policiales"},"aioseo_notices":[],"_links":{"self":[{"href":"https:\/\/elfaroonline.com.ar\/index.php\/wp-json\/wp\/v2\/posts\/1441","targetHints":{"allow":["GET"]}}],"collection":[{"href":"https:\/\/elfaroonline.com.ar\/index.php\/wp-json\/wp\/v2\/posts"}],"about":[{"href":"https:\/\/elfaroonline.com.ar\/index.php\/wp-json\/wp\/v2\/types\/post"}],"author":[{"embeddable":true,"href":"https:\/\/elfaroonline.com.ar\/index.php\/wp-json\/wp\/v2\/users\/2"}],"replies":[{"embeddable":true,"href":"https:\/\/elfaroonline.com.ar\/index.php\/wp-json\/wp\/v2\/comments?post=1441"}],"version-history":[{"count":1,"href":"https:\/\/elfaroonline.com.ar\/index.php\/wp-json\/wp\/v2\/posts\/1441\/revisions"}],"predecessor-version":[{"id":1443,"href":"https:\/\/elfaroonline.com.ar\/index.php\/wp-json\/wp\/v2\/posts\/1441\/revisions\/1443"}],"wp:featuredmedia":[{"embeddable":true,"href":"https:\/\/elfaroonline.com.ar\/index.php\/wp-json\/wp\/v2\/media\/1442"}],"wp:attachment":[{"href":"https:\/\/elfaroonline.com.ar\/index.php\/wp-json\/wp\/v2\/media?parent=1441"}],"wp:term":[{"taxonomy":"category","embeddable":true,"href":"https:\/\/elfaroonline.com.ar\/index.php\/wp-json\/wp\/v2\/categories?post=1441"},{"taxonomy":"post_tag","embeddable":true,"href":"https:\/\/elfaroonline.com.ar\/index.php\/wp-json\/wp\/v2\/tags?post=1441"}],"curies":[{"name":"wp","href":"https:\/\/api.w.org\/{rel}","templated":true}]}}