{"id":1444,"date":"2024-07-22T05:48:48","date_gmt":"2024-07-22T08:48:48","guid":{"rendered":"https:\/\/elfaroonline.com.ar\/?p=1444"},"modified":"2024-07-22T05:48:48","modified_gmt":"2024-07-22T08:48:48","slug":"villarruel-con-varias-actividades-en-catamarca","status":"publish","type":"post","link":"https:\/\/elfaroonline.com.ar\/index.php\/2024\/07\/22\/villarruel-con-varias-actividades-en-catamarca\/","title":{"rendered":"Villarruel con varias actividades en Catamarca"},"content":{"rendered":"<p>La vicepresidenta de la Naci\u00f3n lleg\u00f3 este s\u00e1bado a la provincia del noroeste argentino y se quedar\u00e1 hasta el martes. Visitar\u00e1 la Fiesta Nacional del Poncho y la Ruta de los Seismiles, tras la pol\u00e9mica con el presidente Milei por sus consideraciones respecto de las expresiones racistas del futbolista Enzo Fern\u00e1ndez.<\/p>\n<p class=\"paragraph\" data-mrf-recirculation=\"Links inline\"><b>El domingo, temprano en la ma\u00f1ana, sali\u00f3 rumbo a Tinogasta, <\/b>donde ser\u00e1 recibida por el intendente de Fiambal\u00e1, Ra\u00fal \u00dasqueda. M\u00e1s tarde, est\u00e1 previsto que almuerce en las Termas de Fiambal\u00e1. El lunes har\u00e1 <b>una excursi\u00f3n<\/b> por la famosa <b>Ruta de los<\/b> <b>Seismiles<\/b> (un recorrido a trav\u00e9s de la Ruta Nacional 60 por 20 cumbres que est\u00e1n por encima de los 6.000 metros sobre el nivel del mar) y a la vuelta cenar\u00e1 temprano en el Hotel Las Pircas de Tinogasta.<\/p>\n<p class=\"paragraph\" data-mrf-recirculation=\"Links inline\">En conferencia de prensa, \u00dasqueda dijo que la Vicepresidenta recorrer\u00e1 lugares tur\u00edsticos como Las Termas y el Balc\u00f3n del Pissis. \u201cSer\u00e1 nuestra oportunidad para plantearle nuestros proyectos y anhelos\u201d, anunci\u00f3. <b>El martes, finalmente, regresar\u00e1 a la capital provincial y a las 19, reci\u00e9n, volver\u00e1 a Buenos Aires.<\/b><\/p>\n<p data-mrf-recirculation=\"Links inline\"><b>Es la segunda vez que Villarruel visita Catamarca desde que ocupa la vicepresidencia de la Naci\u00f3n.<\/b>La anterior hab\u00eda sido en abril pasado; tambi\u00e9n visit\u00f3 a Jalil (que semanas atr\u00e1s firm\u00f3 el Pacto de Mayo en Tucum\u00e1n) y<b> <\/b>desarroll\u00f3 una agenda de su inter\u00e9s: <b>la fe cat\u00f3lica<\/b>,<b> las fuerzas armadas <\/b>y <b>la tradici\u00f3n<\/b>.<\/p>\n<p data-mrf-recirculation=\"Links inline\"><b>La vicepresidenta tiene un v\u00ednculo personal con Catamarca<\/b>. All\u00ed vivi\u00f3 ni\u00f1a con su padre, <b>Eduardo Villarruel<\/b>, quien a fines de la d\u00e9cada de los sesenta estuvo alistado como subteniente del Regimiento de Infanter\u00eda Aerotransportada 17. Oriundo de Santa Fe, el militar se integr\u00f3 a la vida local y hasta particip\u00f3 del club de b\u00e1squet Montmartre y del combinado local catamarque\u00f1o. \u201cCatamarca siempre ha estado muy presente en la familia Villarruel y siempre fue una de las primeras provincias que quise venir a visitar\u201d, declar\u00f3 en aquel momento.<\/p>\n","protected":false},"excerpt":{"rendered":"<p>La vicepresidenta de la Naci\u00f3n lleg\u00f3 este s\u00e1bado a la provincia del noroeste argentino y se quedar\u00e1 hasta el martes. Visitar\u00e1 la Fiesta Nacional del Poncho y la Ruta de los Seismiles, tras la pol\u00e9mica con el presidente Milei por sus consideraciones respecto de las expresiones racistas del futbolista Enzo Fern\u00e1ndez. El domingo, temprano en [&hellip;]<\/p>\n","protected":false},"author":2,"featured_media":1446,"comment_status":"open","ping_status":"open","sticky":false,"template":"","format":"standard","meta":{"footnotes":""},"categories":[22,21],"tags":[],"class_list":{"0":"post-1444","1":"post","2":"type-post","3":"status-publish","4":"format-standard","5":"has-post-thumbnail","7":"category-nacionales","8":"category-politica"},"aioseo_notices":[],"_links":{"self":[{"href":"https:\/\/elfaroonline.com.ar\/index.php\/wp-json\/wp\/v2\/posts\/1444","targetHints":{"allow":["GET"]}}],"collection":[{"href":"https:\/\/elfaroonline.com.ar\/index.php\/wp-json\/wp\/v2\/posts"}],"about":[{"href":"https:\/\/elfaroonline.com.ar\/index.php\/wp-json\/wp\/v2\/types\/post"}],"author":[{"embeddable":true,"href":"https:\/\/elfaroonline.com.ar\/index.php\/wp-json\/wp\/v2\/users\/2"}],"replies":[{"embeddable":true,"href":"https:\/\/elfaroonline.com.ar\/index.php\/wp-json\/wp\/v2\/comments?post=1444"}],"version-history":[{"count":2,"href":"https:\/\/elfaroonline.com.ar\/index.php\/wp-json\/wp\/v2\/posts\/1444\/revisions"}],"predecessor-version":[{"id":1447,"href":"https:\/\/elfaroonline.com.ar\/index.php\/wp-json\/wp\/v2\/posts\/1444\/revisions\/1447"}],"wp:featuredmedia":[{"embeddable":true,"href":"https:\/\/elfaroonline.com.ar\/index.php\/wp-json\/wp\/v2\/media\/1446"}],"wp:attachment":[{"href":"https:\/\/elfaroonline.com.ar\/index.php\/wp-json\/wp\/v2\/media?parent=1444"}],"wp:term":[{"taxonomy":"category","embeddable":true,"href":"https:\/\/elfaroonline.com.ar\/index.php\/wp-json\/wp\/v2\/categories?post=1444"},{"taxonomy":"post_tag","embeddable":true,"href":"https:\/\/elfaroonline.com.ar\/index.php\/wp-json\/wp\/v2\/tags?post=1444"}],"curies":[{"name":"wp","href":"https:\/\/api.w.org\/{rel}","templated":true}]}}