{"id":1479,"date":"2024-07-27T06:28:02","date_gmt":"2024-07-27T09:28:02","guid":{"rendered":"https:\/\/elfaroonline.com.ar\/?p=1479"},"modified":"2024-07-27T06:28:02","modified_gmt":"2024-07-27T09:28:02","slug":"arrestan-a-tres-personas-y-secuestran-droga-en-la-zona-sur-de-la-capital","status":"publish","type":"post","link":"https:\/\/elfaroonline.com.ar\/index.php\/2024\/07\/27\/arrestan-a-tres-personas-y-secuestran-droga-en-la-zona-sur-de-la-capital\/","title":{"rendered":"Arrestan a tres personas y secuestran droga en la zona Sur de la Capital"},"content":{"rendered":"<p class=\"v1MsoNormal\">En la ma\u00f1ana de ayer , durante un recorrido preventivo por la intersecci\u00f3n de avenida Costanera y calle Gobernador Ferrari, motoristas del <b>COEM-Kappa<\/b> procedieron a identificar a tres j\u00f3venes de 24, 28 y 29 a\u00f1os de edad, todos oriundos de la Provincia de Jujuy, y al consultar en el Sistema Federal de Comunicaciones Policiales (SIFCOP), los polic\u00edas lograron establecer que sobre dos de ellos obraban requerimientos Judiciales ordenados desde aquella Provincia, en virtud de lo cual fueron trasladados por efectivos del <b>GIR-Sur<\/b> a la <b>Comisar\u00eda D\u00e9cima,<\/b> que por jurisdicci\u00f3n corresponde, tomando conocimiento la Fiscal\u00eda de Instrucci\u00f3n en turno del Distrito Sur, desde donde se indicaron las medidas a seguir.<\/p>\n<p class=\"v1MsoNormal\">Cabe se\u00f1alar que, en la dependencia policial, los uniformados le realizaron un palpado superficial a estas tres personas, y notaron que en una zapatilla que ten\u00eda puesta una de ellas, la plantilla estaba confeccionada con cinta de papel, conteniendo una sustancia herb\u00e1cea en su interior, como as\u00ed tambi\u00e9n entre las prendas hab\u00eda un envoltorio con la misma sustancia, por lo que de inmediato se dio intervenci\u00f3n a numerarios de la Direcci\u00f3n Drogas Peligrosas de la Polic\u00eda de la Provincia, quienes llevaron a cabo la prueba de campo correspondiente, que arroj\u00f3 como resultado que se tratar\u00edan de 341 Gr. de Marihuana, que qued\u00f3 en calidad de secuestro a disposici\u00f3n del Juzgado Federal.<\/p>\n<p class=\"v1MsoNormal\">Finalmente, los uniformados arrestaron a los sujetos, labr\u00e1ndose las actuaciones de rigor.<\/p>\n","protected":false},"excerpt":{"rendered":"<p>En la ma\u00f1ana de ayer , durante un recorrido preventivo por la intersecci\u00f3n de avenida Costanera y calle Gobernador Ferrari, motoristas del COEM-Kappa procedieron a identificar a tres j\u00f3venes de 24, 28 y 29 a\u00f1os de edad, todos oriundos de la Provincia de Jujuy, y al consultar en el Sistema Federal de Comunicaciones Policiales (SIFCOP), [&hellip;]<\/p>\n","protected":false},"author":2,"featured_media":1480,"comment_status":"open","ping_status":"open","sticky":false,"template":"","format":"standard","meta":{"footnotes":""},"categories":[23,27],"tags":[],"class_list":{"0":"post-1479","1":"post","2":"type-post","3":"status-publish","4":"format-standard","5":"has-post-thumbnail","7":"category-destacados","8":"category-policiales"},"aioseo_notices":[],"_links":{"self":[{"href":"https:\/\/elfaroonline.com.ar\/index.php\/wp-json\/wp\/v2\/posts\/1479","targetHints":{"allow":["GET"]}}],"collection":[{"href":"https:\/\/elfaroonline.com.ar\/index.php\/wp-json\/wp\/v2\/posts"}],"about":[{"href":"https:\/\/elfaroonline.com.ar\/index.php\/wp-json\/wp\/v2\/types\/post"}],"author":[{"embeddable":true,"href":"https:\/\/elfaroonline.com.ar\/index.php\/wp-json\/wp\/v2\/users\/2"}],"replies":[{"embeddable":true,"href":"https:\/\/elfaroonline.com.ar\/index.php\/wp-json\/wp\/v2\/comments?post=1479"}],"version-history":[{"count":1,"href":"https:\/\/elfaroonline.com.ar\/index.php\/wp-json\/wp\/v2\/posts\/1479\/revisions"}],"predecessor-version":[{"id":1481,"href":"https:\/\/elfaroonline.com.ar\/index.php\/wp-json\/wp\/v2\/posts\/1479\/revisions\/1481"}],"wp:featuredmedia":[{"embeddable":true,"href":"https:\/\/elfaroonline.com.ar\/index.php\/wp-json\/wp\/v2\/media\/1480"}],"wp:attachment":[{"href":"https:\/\/elfaroonline.com.ar\/index.php\/wp-json\/wp\/v2\/media?parent=1479"}],"wp:term":[{"taxonomy":"category","embeddable":true,"href":"https:\/\/elfaroonline.com.ar\/index.php\/wp-json\/wp\/v2\/categories?post=1479"},{"taxonomy":"post_tag","embeddable":true,"href":"https:\/\/elfaroonline.com.ar\/index.php\/wp-json\/wp\/v2\/tags?post=1479"}],"curies":[{"name":"wp","href":"https:\/\/api.w.org\/{rel}","templated":true}]}}