{"id":1482,"date":"2024-07-27T06:30:48","date_gmt":"2024-07-27T09:30:48","guid":{"rendered":"https:\/\/elfaroonline.com.ar\/?p=1482"},"modified":"2024-07-27T06:30:48","modified_gmt":"2024-07-27T09:30:48","slug":"gustavo-saadi-lanzo-el-credito-expres-la-nueva-alternativa-financiera-para-trabajadores-municipales","status":"publish","type":"post","link":"https:\/\/elfaroonline.com.ar\/index.php\/2024\/07\/27\/gustavo-saadi-lanzo-el-credito-expres-la-nueva-alternativa-financiera-para-trabajadores-municipales\/","title":{"rendered":"Gustavo Saadi lanz\u00f3 el &#8220;Cr\u00e9dito Expr\u00e9s&#8221;: La nueva alternativa financiera para trabajadores municipales"},"content":{"rendered":"<p class=\"v1MsoNormal\">El intendente de la Capital, Gustavo Saadi, en colaboraci\u00f3n con el presidente de la Caja de Cr\u00e9dito Municipal, Juan Zelaray\u00e1n, y los directores, Nicol\u00e1s Ver\u00f3n y Alejandro Rodr\u00edguez, ha presentado una nueva l\u00ednea de cr\u00e9ditos denominada &#8220;Cr\u00e9dito Expr\u00e9s&#8221;, dirigida a todos los empleados municipales y pensada para que quienes lo soliciten puedan obtenerlo de manera f\u00e1cil, \u00e1gil y pr\u00e1cticamente en el acto.<\/p>\n<p class=\"v1MsoNormal\">Esta innovadora propuesta busca facilitar el acceso al financiamiento para los trabajadores del \u00e1mbito municipal, brindando la posibilidad de solicitar un pr\u00e9stamo durante la ma\u00f1ana y contar con el dinero depositado en su cuenta bancaria en tan solo unas horas. La agilidad en el proceso es una de las caracter\u00edsticas destacadas de esta iniciativa.<\/p>\n<p class=\"v1MsoNormal\">Acerca de esta nueva l\u00ednea de cr\u00e9dito, Nicol\u00e1s Ver\u00f3n, director de la Caja de Cr\u00e9dito municipal, coment\u00f3: &#8220;Hoy realizamos el lanzamiento de una nueva l\u00ednea de cr\u00e9ditos, los Cr\u00e9ditos Expr\u00e9s, que a partir de la semana que viene ya va a estar a disposici\u00f3n del empleado municipal. Esta es una herramienta m\u00e1s que ponemos a disposici\u00f3n del trabajador del municipio, que va a dar la posibilidad de poder afrontar diferentes necesidades y que b\u00e1sicamente est\u00e1 dise\u00f1ado para el consumo&#8221;.<\/p>\n<p class=\"v1MsoNormal\">\n<p class=\"v1MsoNormal\"><b>Modalidad<\/b><\/p>\n<p class=\"v1MsoNormal\">En cuanto a la innovadora propuesta del municipio, Ver\u00f3n explic\u00f3 que &#8220;es una herramienta que le va a permitir al empleado municipal poder solicitar el cr\u00e9dito por la ma\u00f1ana y a la tarde, a primera hora, lo va a tener impactado en su cuenta&#8221;, y agreg\u00f3 &#8220;cabe destacar que es en una sola cuota. La devoluci\u00f3n va a ser debitada una vez que se acrediten sus haberes el mes siguiente&#8221;.<\/p>\n<p class=\"v1MsoNormal\">\n<p class=\"v1MsoNormal\"><b>Tasa Social <\/b><\/p>\n<p class=\"v1MsoNormal\">Con respecto a la tasa municipal por el cr\u00e9dito, el director del organismo asegur\u00f3 &#8220;es una tasa que tiene una visi\u00f3n netamente social, que es la visi\u00f3n que tiene la Caja de Cr\u00e9dito, que es de un 2%&#8221;.<\/p>\n<p class=\"v1MsoNormal\">En ese sentido asegur\u00f3 &#8220;no solo venimos a reforzar la l\u00ednea de cr\u00e9dito, que ya venimos trabajando, como es &#8220;Vamos en Bici&#8221;, &#8220;Emprender&#8221;, que la verdad que tenemos muchos \u00e9xitos, sino tambi\u00e9n con el acompa\u00f1amiento del se\u00f1or Intendente Gustavo Saadi, hemos dise\u00f1ado esta l\u00ednea de cr\u00e9dito para poder aportar a la econom\u00eda del empleado municipal y que sea el trabajador municipal quien tenga la posibilidad de poder contar con esta herramienta para salir de alguna urgencia. As\u00ed que en este sentido vamos a trabajar, ya hemos diagramado y coordinado con las \u00e1reas para que realmente este cr\u00e9dito expr\u00e9s venga a ser una soluci\u00f3n para la gran familia municipal&#8221;.<\/p>\n<p class=\"v1MsoNormal\">\n<p class=\"v1MsoNormal\"><b>Montos <\/b><\/p>\n<p class=\"v1MsoNormal\">&#8220;La idea es que no sean topes grandes, sino hasta 100.000 pesos para no afectar la econom\u00eda b\u00e1sicamente del empleado municipal y s\u00ed tener la posibilidad de que sea devengado en una sola cuota y al mes siguiente el empleado tenga la posibilidad nuevamente de poder requerir el mismo cr\u00e9dito. As\u00ed que en ese sentido hoy para nosotros es una enorme alegr\u00eda poder venir a anunciarlo&#8221; a\u00f1adi\u00f3 Ver\u00f3n.<\/p>\n<p class=\"v1MsoNormal\">Es decir, los montos ofrecidos en esta nueva l\u00ednea de cr\u00e9ditos alcanzan hasta $100 mil pesos, con una tasa de inter\u00e9s muy competitiva del 2%. Adem\u00e1s, se ha establecido que la devoluci\u00f3n del pr\u00e9stamo se realizar\u00e1 en una sola cuota que ser\u00e1 descontada directamente del salario correspondiente al mes siguiente.<\/p>\n<p class=\"v1MsoNormal\">\n<p class=\"v1MsoNormal\"><b>Requisitos <\/b><\/p>\n<p class=\"v1MsoNormal\">El director de la Caja de Cr\u00e9dito Municipal se\u00f1al\u00f3: &#8220;Los contratados y los becados solamente necesitar\u00e1n un garante, y los empleados municipales solamente con su firma van a poder acceder. La idea es no burocratizar, sino todo lo contrario, poder hacerlo m\u00e1s sencillo, entendemos que es una l\u00ednea expr\u00e9s y bueno, por lo tanto, cuanto m\u00e1s r\u00e1pido sea la soluci\u00f3n, nosotros podemos brindarla&#8221;.<\/p>\n<p class=\"v1MsoNormal\">Es importante resaltar que esta propuesta no solo beneficia a los empleados municipales en planta permanente, sino que tambi\u00e9n abarca a becarios, contratados y docentes que forman parte de la comunidad educativa municipal. Esta medida busca brindar apoyo financiero a todos los sectores involucrados en el funcionamiento y desarrollo de la Capital, adem\u00e1s de ayudar indirectamente al comercio de la ciudad.<\/p>\n","protected":false},"excerpt":{"rendered":"<p>El intendente de la Capital, Gustavo Saadi, en colaboraci\u00f3n con el presidente de la Caja de Cr\u00e9dito Municipal, Juan Zelaray\u00e1n, y los directores, Nicol\u00e1s Ver\u00f3n y Alejandro Rodr\u00edguez, ha presentado una nueva l\u00ednea de cr\u00e9ditos denominada &#8220;Cr\u00e9dito Expr\u00e9s&#8221;, dirigida a todos los empleados municipales y pensada para que quienes lo soliciten puedan obtenerlo de manera [&hellip;]<\/p>\n","protected":false},"author":2,"featured_media":1483,"comment_status":"open","ping_status":"open","sticky":false,"template":"","format":"standard","meta":{"footnotes":""},"categories":[21],"tags":[],"class_list":{"0":"post-1482","1":"post","2":"type-post","3":"status-publish","4":"format-standard","5":"has-post-thumbnail","7":"category-politica"},"aioseo_notices":[],"_links":{"self":[{"href":"https:\/\/elfaroonline.com.ar\/index.php\/wp-json\/wp\/v2\/posts\/1482","targetHints":{"allow":["GET"]}}],"collection":[{"href":"https:\/\/elfaroonline.com.ar\/index.php\/wp-json\/wp\/v2\/posts"}],"about":[{"href":"https:\/\/elfaroonline.com.ar\/index.php\/wp-json\/wp\/v2\/types\/post"}],"author":[{"embeddable":true,"href":"https:\/\/elfaroonline.com.ar\/index.php\/wp-json\/wp\/v2\/users\/2"}],"replies":[{"embeddable":true,"href":"https:\/\/elfaroonline.com.ar\/index.php\/wp-json\/wp\/v2\/comments?post=1482"}],"version-history":[{"count":1,"href":"https:\/\/elfaroonline.com.ar\/index.php\/wp-json\/wp\/v2\/posts\/1482\/revisions"}],"predecessor-version":[{"id":1484,"href":"https:\/\/elfaroonline.com.ar\/index.php\/wp-json\/wp\/v2\/posts\/1482\/revisions\/1484"}],"wp:featuredmedia":[{"embeddable":true,"href":"https:\/\/elfaroonline.com.ar\/index.php\/wp-json\/wp\/v2\/media\/1483"}],"wp:attachment":[{"href":"https:\/\/elfaroonline.com.ar\/index.php\/wp-json\/wp\/v2\/media?parent=1482"}],"wp:term":[{"taxonomy":"category","embeddable":true,"href":"https:\/\/elfaroonline.com.ar\/index.php\/wp-json\/wp\/v2\/categories?post=1482"},{"taxonomy":"post_tag","embeddable":true,"href":"https:\/\/elfaroonline.com.ar\/index.php\/wp-json\/wp\/v2\/tags?post=1482"}],"curies":[{"name":"wp","href":"https:\/\/api.w.org\/{rel}","templated":true}]}}