{"id":1491,"date":"2024-07-27T06:38:57","date_gmt":"2024-07-27T09:38:57","guid":{"rendered":"https:\/\/elfaroonline.com.ar\/?p=1491"},"modified":"2024-07-27T06:38:57","modified_gmt":"2024-07-27T09:38:57","slug":"nuevo-hospital-de-el-alto-un-proyecto-que-mejorara-la-salud-en-la-region","status":"publish","type":"post","link":"https:\/\/elfaroonline.com.ar\/index.php\/2024\/07\/27\/nuevo-hospital-de-el-alto-un-proyecto-que-mejorara-la-salud-en-la-region\/","title":{"rendered":"Nuevo Hospital de El Alto, un proyecto que mejorar\u00e1 la salud en la regi\u00f3n"},"content":{"rendered":"<p class=\"v1MsoNormal\">El gobernador Ra\u00fal Jalil, acompa\u00f1ado por el intendente Ariel Ojeda y el ministro de Salud, Lucas Zampieri, visit\u00f3 el terreno donde se construir\u00e1 el nuevo Hospital de El Alto. Ubicado en dos hect\u00e1reas sobre la Ruta Provincial N\u00b042, a la salida de El Alto (camino a Guayamba), este proyecto promete mejorar significativamente la atenci\u00f3n sanitaria en la regi\u00f3n.<\/p>\n<p class=\"v1MsoNormal\">El nuevo hospital contar\u00e1 con instalaciones modernas, incluyendo consultorios de distintas especialidades, una sala de Atenci\u00f3n Primaria de Salud (APS), un \u00e1rea de atenci\u00f3n para emergencias e internaci\u00f3n, un vacunatorio, un laboratorio, enfermer\u00eda, una recepci\u00f3n y un \u00e1rea administrativa. Adem\u00e1s, se incluir\u00e1n espacios para servicios y otras dependencias necesarias. Es decir, tendr\u00e1 una infraestructura similar a los construidos en Valle Chico y El Rodeo.<\/p>\n<p class=\"v1MsoNormal\">Este centro de salud est\u00e1 dise\u00f1ado para brindar cobertura sanitaria a miles de habitantes de El Alto y zonas aleda\u00f1as, especialmente durante la temporada de verano, cuando la afluencia de turistas en el este provincial aumenta considerablemente.<\/p>\n<p class=\"v1MsoNormal\">Adem\u00e1s del hospital, el Gobierno Provincial, en colaboraci\u00f3n con la gesti\u00f3n municipal, proyecta la construcci\u00f3n de una nueva comisar\u00eda departamental y un centro de monitoreo local en el \u00e1rea mencionada.<\/p>\n<p class=\"v1MsoNormal\">Por otra parte, durante la visita, el Gobernador tambi\u00e9n inspeccion\u00f3 la obra del Teatro y Museo Municipal, que tendr\u00e1 una capacidad para 1.600 personas. La construcci\u00f3n ya muestra un importante grado de avance, incluyendo el escenario, subsuelo y tribunas.<\/p>\n<p class=\"v1MsoNormal\">El mandatario provincial estuvo acompa\u00f1ado por el ministro de Miner\u00eda, Marcelo Mur\u00faa; el senador departamental, Augusto Ojeda; el intendente de Los Altos, Ra\u00fal Barot; y la presidenta de Catamarca Minera y Energ\u00e9tica Sociedad del Estado (CAMYEN), Susana Peralta, entre otras autoridades.<\/p>\n","protected":false},"excerpt":{"rendered":"<p>El gobernador Ra\u00fal Jalil, acompa\u00f1ado por el intendente Ariel Ojeda y el ministro de Salud, Lucas Zampieri, visit\u00f3 el terreno donde se construir\u00e1 el nuevo Hospital de El Alto. Ubicado en dos hect\u00e1reas sobre la Ruta Provincial N\u00b042, a la salida de El Alto (camino a Guayamba), este proyecto promete mejorar significativamente la atenci\u00f3n sanitaria [&hellip;]<\/p>\n","protected":false},"author":2,"featured_media":1492,"comment_status":"open","ping_status":"open","sticky":false,"template":"","format":"standard","meta":{"footnotes":""},"categories":[21],"tags":[],"class_list":{"0":"post-1491","1":"post","2":"type-post","3":"status-publish","4":"format-standard","5":"has-post-thumbnail","7":"category-politica"},"aioseo_notices":[],"aioseo_head":"\n\t\t<!-- All in One SEO 5.0.0.1 - aioseo.com -->\n\t<meta name=\"description\" content=\"El gobernador Ra\u00fal Jalil, acompa\u00f1ado por el intendente Ariel Ojeda y el ministro de Salud, Lucas Zampieri, visit\u00f3 el terreno donde se construir\u00e1 el nuevo Hospital de El Alto.\" \/>\n\t<meta name=\"robots\" content=\"max-image-preview:large\" \/>\n\t<meta name=\"author\" content=\"El Faro Online\"\/>\n\t<link rel=\"canonical\" href=\"https:\/\/elfaroonline.com.ar\/index.php\/2024\/07\/27\/nuevo-hospital-de-el-alto-un-proyecto-que-mejorara-la-salud-en-la-region\/\" \/>\n\t<meta name=\"generator\" content=\"All in One SEO (AIOSEO) 5.0.0.1\" \/>\n\t\t<meta property=\"og:locale\" content=\"es_ES\" \/>\n\t\t<meta property=\"og:site_name\" content=\"elfaroonline.com.ar -\" \/>\n\t\t<meta property=\"og:type\" content=\"article\" \/>\n\t\t<meta property=\"og:title\" content=\"Nuevo Hospital de El Alto, un proyecto que mejorar\u00e1 la salud en la regi\u00f3n\" \/>\n\t\t<meta property=\"og:description\" content=\"El gobernador Ra\u00fal Jalil, acompa\u00f1ado por el intendente Ariel Ojeda y el ministro de Salud, Lucas Zampieri, visit\u00f3 el terreno donde se construir\u00e1 el nuevo Hospital de El Alto.\" \/>\n\t\t<meta property=\"og:url\" content=\"https:\/\/elfaroonline.com.ar\/index.php\/2024\/07\/27\/nuevo-hospital-de-el-alto-un-proyecto-que-mejorara-la-salud-en-la-region\/\" \/>\n\t\t<meta property=\"article:published_time\" content=\"2024-07-27T09:38:57+00:00\" \/>\n\t\t<meta property=\"article:modified_time\" content=\"2024-07-27T09:38:57+00:00\" \/>\n\t\t<meta name=\"twitter:card\" content=\"summary_large_image\" \/>\n\t\t<meta name=\"twitter:title\" content=\"Nuevo Hospital de El Alto, un proyecto que mejorar\u00e1 la salud en la regi\u00f3n\" \/>\n\t\t<meta name=\"twitter:description\" content=\"El gobernador Ra\u00fal Jalil, acompa\u00f1ado por el intendente Ariel Ojeda y el ministro de Salud, Lucas Zampieri, visit\u00f3 el terreno donde se construir\u00e1 el nuevo Hospital de El Alto.\" \/>\n\t\t<script type=\"application\/ld+json\" class=\"aioseo-schema\">\n\t\t\t{\"@context\":\"https:\\\/\\\/schema.org\",\"@graph\":[{\"@type\":\"BlogPosting\",\"@id\":\"https:\\\/\\\/elfaroonline.com.ar\\\/index.php\\\/2024\\\/07\\\/27\\\/nuevo-hospital-de-el-alto-un-proyecto-que-mejorara-la-salud-en-la-region\\\/#blogposting\",\"name\":\"Nuevo Hospital de El Alto, un proyecto que mejorar\\u00e1 la salud en la regi\\u00f3n\",\"headline\":\"Nuevo Hospital de El Alto, un proyecto que mejorar\\u00e1 la salud en la regi\\u00f3n\",\"author\":{\"@id\":\"https:\\\/\\\/elfaroonline.com.ar\\\/index.php\\\/author\\\/elfaro\\\/#author\"},\"publisher\":{\"@id\":\"https:\\\/\\\/elfaroonline.com.ar\\\/#organization\"},\"image\":{\"@type\":\"ImageObject\",\"url\":\"https:\\\/\\\/elfaroonline.com.ar\\\/wp-content\\\/uploads\\\/2024\\\/07\\\/42cd8eb0-10e6-4e85-805e-42a443ec7e20.jpeg\",\"width\":1600,\"height\":1266},\"datePublished\":\"2024-07-27T06:38:57-03:00\",\"dateModified\":\"2024-07-27T06:38:57-03:00\",\"inLanguage\":\"es-AR\",\"mainEntityOfPage\":{\"@id\":\"https:\\\/\\\/elfaroonline.com.ar\\\/index.php\\\/2024\\\/07\\\/27\\\/nuevo-hospital-de-el-alto-un-proyecto-que-mejorara-la-salud-en-la-region\\\/#webpage\"},\"isPartOf\":{\"@id\":\"https:\\\/\\\/elfaroonline.com.ar\\\/index.php\\\/2024\\\/07\\\/27\\\/nuevo-hospital-de-el-alto-un-proyecto-que-mejorara-la-salud-en-la-region\\\/#webpage\"},\"articleSection\":\"Pol\\u00edtica\"},{\"@type\":\"BreadcrumbList\",\"@id\":\"https:\\\/\\\/elfaroonline.com.ar\\\/index.php\\\/2024\\\/07\\\/27\\\/nuevo-hospital-de-el-alto-un-proyecto-que-mejorara-la-salud-en-la-region\\\/#breadcrumblist\",\"itemListElement\":[{\"@type\":\"ListItem\",\"@id\":\"https:\\\/\\\/elfaroonline.com.ar#listItem\",\"position\":1,\"name\":\"Home\",\"item\":\"https:\\\/\\\/elfaroonline.com.ar\",\"nextItem\":{\"@type\":\"ListItem\",\"@id\":\"https:\\\/\\\/elfaroonline.com.ar\\\/index.php\\\/category\\\/politica\\\/#listItem\",\"name\":\"Pol\\u00edtica\"}},{\"@type\":\"ListItem\",\"@id\":\"https:\\\/\\\/elfaroonline.com.ar\\\/index.php\\\/category\\\/politica\\\/#listItem\",\"position\":2,\"name\":\"Pol\\u00edtica\",\"item\":\"https:\\\/\\\/elfaroonline.com.ar\\\/index.php\\\/category\\\/politica\\\/\",\"nextItem\":{\"@type\":\"ListItem\",\"@id\":\"https:\\\/\\\/elfaroonline.com.ar\\\/index.php\\\/2024\\\/07\\\/27\\\/nuevo-hospital-de-el-alto-un-proyecto-que-mejorara-la-salud-en-la-region\\\/#listItem\",\"name\":\"Nuevo Hospital de El Alto, un proyecto que mejorar\\u00e1 la salud en la regi\\u00f3n\"},\"previousItem\":{\"@type\":\"ListItem\",\"@id\":\"https:\\\/\\\/elfaroonline.com.ar#listItem\",\"name\":\"Home\"}},{\"@type\":\"ListItem\",\"@id\":\"https:\\\/\\\/elfaroonline.com.ar\\\/index.php\\\/2024\\\/07\\\/27\\\/nuevo-hospital-de-el-alto-un-proyecto-que-mejorara-la-salud-en-la-region\\\/#listItem\",\"position\":3,\"name\":\"Nuevo Hospital de El Alto, un proyecto que mejorar\\u00e1 la salud en la regi\\u00f3n\",\"previousItem\":{\"@type\":\"ListItem\",\"@id\":\"https:\\\/\\\/elfaroonline.com.ar\\\/index.php\\\/category\\\/politica\\\/#listItem\",\"name\":\"Pol\\u00edtica\"}}]},{\"@type\":\"Organization\",\"@id\":\"https:\\\/\\\/elfaroonline.com.ar\\\/#organization\",\"name\":\"elfaroonline.com.ar\",\"url\":\"https:\\\/\\\/elfaroonline.com.ar\\\/\"},{\"@type\":\"Person\",\"@id\":\"https:\\\/\\\/elfaroonline.com.ar\\\/index.php\\\/author\\\/elfaro\\\/#author\",\"url\":\"https:\\\/\\\/elfaroonline.com.ar\\\/index.php\\\/author\\\/elfaro\\\/\",\"name\":\"El Faro Online\",\"image\":{\"@type\":\"ImageObject\",\"@id\":\"https:\\\/\\\/elfaroonline.com.ar\\\/index.php\\\/2024\\\/07\\\/27\\\/nuevo-hospital-de-el-alto-un-proyecto-que-mejorara-la-salud-en-la-region\\\/#authorImage\",\"url\":\"https:\\\/\\\/secure.gravatar.com\\\/avatar\\\/97dc46c3711deda1040382679fc31e66bb0f67b30b6dec3feea788d18888f5f7?s=96&d=mm&r=g\",\"width\":96,\"height\":96,\"caption\":\"El Faro Online\"}},{\"@type\":\"WebPage\",\"@id\":\"https:\\\/\\\/elfaroonline.com.ar\\\/index.php\\\/2024\\\/07\\\/27\\\/nuevo-hospital-de-el-alto-un-proyecto-que-mejorara-la-salud-en-la-region\\\/#webpage\",\"url\":\"https:\\\/\\\/elfaroonline.com.ar\\\/index.php\\\/2024\\\/07\\\/27\\\/nuevo-hospital-de-el-alto-un-proyecto-que-mejorara-la-salud-en-la-region\\\/\",\"name\":\"Nuevo Hospital de El Alto, un proyecto que mejorar\\u00e1 la salud en la regi\\u00f3n\",\"description\":\"El gobernador Ra\\u00fal Jalil, acompa\\u00f1ado por el intendente Ariel Ojeda y el ministro de Salud, Lucas Zampieri, visit\\u00f3 el terreno donde se construir\\u00e1 el nuevo Hospital de El Alto.\",\"inLanguage\":\"es-AR\",\"isPartOf\":{\"@id\":\"https:\\\/\\\/elfaroonline.com.ar\\\/#website\"},\"breadcrumb\":{\"@id\":\"https:\\\/\\\/elfaroonline.com.ar\\\/index.php\\\/2024\\\/07\\\/27\\\/nuevo-hospital-de-el-alto-un-proyecto-que-mejorara-la-salud-en-la-region\\\/#breadcrumblist\"},\"author\":{\"@id\":\"https:\\\/\\\/elfaroonline.com.ar\\\/index.php\\\/author\\\/elfaro\\\/#author\"},\"creator\":{\"@id\":\"https:\\\/\\\/elfaroonline.com.ar\\\/index.php\\\/author\\\/elfaro\\\/#author\"},\"image\":{\"@type\":\"ImageObject\",\"url\":\"https:\\\/\\\/elfaroonline.com.ar\\\/wp-content\\\/uploads\\\/2024\\\/07\\\/42cd8eb0-10e6-4e85-805e-42a443ec7e20.jpeg\",\"@id\":\"https:\\\/\\\/elfaroonline.com.ar\\\/index.php\\\/2024\\\/07\\\/27\\\/nuevo-hospital-de-el-alto-un-proyecto-que-mejorara-la-salud-en-la-region\\\/#mainImage\",\"width\":1600,\"height\":1266},\"primaryImageOfPage\":{\"@id\":\"https:\\\/\\\/elfaroonline.com.ar\\\/index.php\\\/2024\\\/07\\\/27\\\/nuevo-hospital-de-el-alto-un-proyecto-que-mejorara-la-salud-en-la-region\\\/#mainImage\"},\"datePublished\":\"2024-07-27T06:38:57-03:00\",\"dateModified\":\"2024-07-27T06:38:57-03:00\"},{\"@type\":\"WebSite\",\"@id\":\"https:\\\/\\\/elfaroonline.com.ar\\\/#website\",\"url\":\"https:\\\/\\\/elfaroonline.com.ar\\\/\",\"name\":\"elfaroonline.com.ar\",\"inLanguage\":\"es-AR\",\"publisher\":{\"@id\":\"https:\\\/\\\/elfaroonline.com.ar\\\/#organization\"}}]}\n\t\t<\/script>\n\t\t<!-- All in One SEO -->\n\n","aioseo_head_json":{"title":"Nuevo Hospital de El Alto, un proyecto que mejorar\u00e1 la salud en la regi\u00f3n","description":"El gobernador Ra\u00fal Jalil, acompa\u00f1ado por el intendente Ariel Ojeda y el ministro de Salud, Lucas Zampieri, visit\u00f3 el terreno donde se construir\u00e1 el nuevo Hospital de El Alto.","canonical_url":"https:\/\/elfaroonline.com.ar\/index.php\/2024\/07\/27\/nuevo-hospital-de-el-alto-un-proyecto-que-mejorara-la-salud-en-la-region\/","robots":"max-image-preview:large","keywords":"","webmasterTools":{"miscellaneous":""},"schema":{"@context":"https:\/\/schema.org","@graph":[{"@type":"BlogPosting","@id":"https:\/\/elfaroonline.com.ar\/index.php\/2024\/07\/27\/nuevo-hospital-de-el-alto-un-proyecto-que-mejorara-la-salud-en-la-region\/#blogposting","name":"Nuevo Hospital de El Alto, un proyecto que mejorar\u00e1 la salud en la regi\u00f3n","headline":"Nuevo Hospital de El Alto, un proyecto que mejorar\u00e1 la salud en la regi\u00f3n","author":{"@id":"https:\/\/elfaroonline.com.ar\/index.php\/author\/elfaro\/#author"},"publisher":{"@id":"https:\/\/elfaroonline.com.ar\/#organization"},"image":{"@type":"ImageObject","url":"https:\/\/elfaroonline.com.ar\/wp-content\/uploads\/2024\/07\/42cd8eb0-10e6-4e85-805e-42a443ec7e20.jpeg","width":1600,"height":1266},"datePublished":"2024-07-27T06:38:57-03:00","dateModified":"2024-07-27T06:38:57-03:00","inLanguage":"es-AR","mainEntityOfPage":{"@id":"https:\/\/elfaroonline.com.ar\/index.php\/2024\/07\/27\/nuevo-hospital-de-el-alto-un-proyecto-que-mejorara-la-salud-en-la-region\/#webpage"},"isPartOf":{"@id":"https:\/\/elfaroonline.com.ar\/index.php\/2024\/07\/27\/nuevo-hospital-de-el-alto-un-proyecto-que-mejorara-la-salud-en-la-region\/#webpage"},"articleSection":"Pol\u00edtica"},{"@type":"BreadcrumbList","@id":"https:\/\/elfaroonline.com.ar\/index.php\/2024\/07\/27\/nuevo-hospital-de-el-alto-un-proyecto-que-mejorara-la-salud-en-la-region\/#breadcrumblist","itemListElement":[{"@type":"ListItem","@id":"https:\/\/elfaroonline.com.ar#listItem","position":1,"name":"Home","item":"https:\/\/elfaroonline.com.ar","nextItem":{"@type":"ListItem","@id":"https:\/\/elfaroonline.com.ar\/index.php\/category\/politica\/#listItem","name":"Pol\u00edtica"}},{"@type":"ListItem","@id":"https:\/\/elfaroonline.com.ar\/index.php\/category\/politica\/#listItem","position":2,"name":"Pol\u00edtica","item":"https:\/\/elfaroonline.com.ar\/index.php\/category\/politica\/","nextItem":{"@type":"ListItem","@id":"https:\/\/elfaroonline.com.ar\/index.php\/2024\/07\/27\/nuevo-hospital-de-el-alto-un-proyecto-que-mejorara-la-salud-en-la-region\/#listItem","name":"Nuevo Hospital de El Alto, un proyecto que mejorar\u00e1 la salud en la regi\u00f3n"},"previousItem":{"@type":"ListItem","@id":"https:\/\/elfaroonline.com.ar#listItem","name":"Home"}},{"@type":"ListItem","@id":"https:\/\/elfaroonline.com.ar\/index.php\/2024\/07\/27\/nuevo-hospital-de-el-alto-un-proyecto-que-mejorara-la-salud-en-la-region\/#listItem","position":3,"name":"Nuevo Hospital de El Alto, un proyecto que mejorar\u00e1 la salud en la regi\u00f3n","previousItem":{"@type":"ListItem","@id":"https:\/\/elfaroonline.com.ar\/index.php\/category\/politica\/#listItem","name":"Pol\u00edtica"}}]},{"@type":"Organization","@id":"https:\/\/elfaroonline.com.ar\/#organization","name":"elfaroonline.com.ar","url":"https:\/\/elfaroonline.com.ar\/"},{"@type":"Person","@id":"https:\/\/elfaroonline.com.ar\/index.php\/author\/elfaro\/#author","url":"https:\/\/elfaroonline.com.ar\/index.php\/author\/elfaro\/","name":"El Faro Online","image":{"@type":"ImageObject","@id":"https:\/\/elfaroonline.com.ar\/index.php\/2024\/07\/27\/nuevo-hospital-de-el-alto-un-proyecto-que-mejorara-la-salud-en-la-region\/#authorImage","url":"https:\/\/secure.gravatar.com\/avatar\/97dc46c3711deda1040382679fc31e66bb0f67b30b6dec3feea788d18888f5f7?s=96&d=mm&r=g","width":96,"height":96,"caption":"El Faro Online"}},{"@type":"WebPage","@id":"https:\/\/elfaroonline.com.ar\/index.php\/2024\/07\/27\/nuevo-hospital-de-el-alto-un-proyecto-que-mejorara-la-salud-en-la-region\/#webpage","url":"https:\/\/elfaroonline.com.ar\/index.php\/2024\/07\/27\/nuevo-hospital-de-el-alto-un-proyecto-que-mejorara-la-salud-en-la-region\/","name":"Nuevo Hospital de El Alto, un proyecto que mejorar\u00e1 la salud en la regi\u00f3n","description":"El gobernador Ra\u00fal Jalil, acompa\u00f1ado por el intendente Ariel Ojeda y el ministro de Salud, Lucas Zampieri, visit\u00f3 el terreno donde se construir\u00e1 el nuevo Hospital de El Alto.","inLanguage":"es-AR","isPartOf":{"@id":"https:\/\/elfaroonline.com.ar\/#website"},"breadcrumb":{"@id":"https:\/\/elfaroonline.com.ar\/index.php\/2024\/07\/27\/nuevo-hospital-de-el-alto-un-proyecto-que-mejorara-la-salud-en-la-region\/#breadcrumblist"},"author":{"@id":"https:\/\/elfaroonline.com.ar\/index.php\/author\/elfaro\/#author"},"creator":{"@id":"https:\/\/elfaroonline.com.ar\/index.php\/author\/elfaro\/#author"},"image":{"@type":"ImageObject","url":"https:\/\/elfaroonline.com.ar\/wp-content\/uploads\/2024\/07\/42cd8eb0-10e6-4e85-805e-42a443ec7e20.jpeg","@id":"https:\/\/elfaroonline.com.ar\/index.php\/2024\/07\/27\/nuevo-hospital-de-el-alto-un-proyecto-que-mejorara-la-salud-en-la-region\/#mainImage","width":1600,"height":1266},"primaryImageOfPage":{"@id":"https:\/\/elfaroonline.com.ar\/index.php\/2024\/07\/27\/nuevo-hospital-de-el-alto-un-proyecto-que-mejorara-la-salud-en-la-region\/#mainImage"},"datePublished":"2024-07-27T06:38:57-03:00","dateModified":"2024-07-27T06:38:57-03:00"},{"@type":"WebSite","@id":"https:\/\/elfaroonline.com.ar\/#website","url":"https:\/\/elfaroonline.com.ar\/","name":"elfaroonline.com.ar","inLanguage":"es-AR","publisher":{"@id":"https:\/\/elfaroonline.com.ar\/#organization"}}]},"og:locale":"es_ES","og:site_name":"elfaroonline.com.ar -","og:type":"article","og:title":"Nuevo Hospital de El Alto, un proyecto que mejorar\u00e1 la salud en la regi\u00f3n","og:description":"El gobernador Ra\u00fal Jalil, acompa\u00f1ado por el intendente Ariel Ojeda y el ministro de Salud, Lucas Zampieri, visit\u00f3 el terreno donde se construir\u00e1 el nuevo Hospital de El Alto.","og:url":"https:\/\/elfaroonline.com.ar\/index.php\/2024\/07\/27\/nuevo-hospital-de-el-alto-un-proyecto-que-mejorara-la-salud-en-la-region\/","article:published_time":"2024-07-27T09:38:57+00:00","article:modified_time":"2024-07-27T09:38:57+00:00","twitter:card":"summary_large_image","twitter:title":"Nuevo Hospital de El Alto, un proyecto que mejorar\u00e1 la salud en la regi\u00f3n","twitter:description":"El gobernador Ra\u00fal Jalil, acompa\u00f1ado por el intendente Ariel Ojeda y el ministro de Salud, Lucas Zampieri, visit\u00f3 el terreno donde se construir\u00e1 el nuevo Hospital de El Alto."},"aioseo_meta_data":{"post_id":"1491","title":"Nuevo Hospital de El Alto, un proyecto que mejorar\u00e1 la salud en la regi\u00f3n","description":"El gobernador Ra\u00fal Jalil, acompa\u00f1ado por el intendente Ariel Ojeda y el ministro de Salud, Lucas Zampieri, visit\u00f3 el terreno donde se construir\u00e1 el nuevo Hospital de El Alto.","keywords":null,"keyphrases":{"focus":{"keyphrase":"","score":0,"analysis":{"keyphraseInTitle":{"score":0,"maxScore":9,"error":1}}},"additional":[]},"primary_term":null,"canonical_url":null,"og_title":null,"og_description":null,"og_object_type":"default","og_image_type":"default","og_image_url":null,"og_image_width":null,"og_image_height":null,"og_image_custom_url":null,"og_image_custom_fields":null,"og_video":"","og_custom_url":null,"og_article_section":null,"og_article_tags":null,"twitter_use_og":false,"twitter_card":"default","twitter_image_type":"default","twitter_image_url":null,"twitter_image_custom_url":null,"twitter_image_custom_fields":null,"twitter_title":null,"twitter_description":null,"schema":{"blockGraphs":[],"customGraphs":[],"default":{"data":{"Article":[],"Course":[],"Dataset":[],"FAQPage":[],"Movie":[],"Person":[],"Product":[],"ProductReview":[],"Car":[],"Recipe":[],"Service":[],"SoftwareApplication":[],"WebPage":[]},"graphName":"BlogPosting","isEnabled":true},"graphs":[]},"schema_type":"default","schema_type_options":null,"pillar_content":false,"robots_default":true,"robots_noindex":false,"robots_noarchive":false,"robots_nosnippet":false,"robots_nofollow":false,"robots_noimageindex":false,"robots_noodp":false,"robots_notranslate":false,"robots_max_snippet":"-1","robots_max_videopreview":"-1","robots_max_imagepreview":"large","priority":null,"frequency":"default","local_seo":null,"breadcrumb_settings":null,"limit_modified_date":false,"ai":null,"created":"2024-07-27 09:38:57","updated":"2025-07-15 23:01:19","seo_analyzer_scan_date":null,"focus_keyword":null,"additional_keywords":null,"truseo_locale":null},"aioseo_breadcrumb":"<div class=\"aioseo-breadcrumbs\"><span class=\"aioseo-breadcrumb\">\n\t\t\t<a href=\"https:\/\/elfaroonline.com.ar\" title=\"Home\">Home<\/a>\n\t\t<\/span><span class=\"aioseo-breadcrumb-separator\">&raquo;<\/span><span class=\"aioseo-breadcrumb\">\n\t\t\t<a href=\"https:\/\/elfaroonline.com.ar\/index.php\/category\/politica\/\" title=\"Pol\u00edtica\">Pol\u00edtica<\/a>\n\t\t<\/span><span class=\"aioseo-breadcrumb-separator\">&raquo;<\/span><span class=\"aioseo-breadcrumb\">\n\t\t\tNuevo Hospital de El Alto, un proyecto que mejorar\u00e1 la salud en la regi\u00f3n\n\t\t<\/span><\/div>","aioseo_breadcrumb_json":[{"label":"Home","link":"https:\/\/elfaroonline.com.ar"},{"label":"Pol\u00edtica","link":"https:\/\/elfaroonline.com.ar\/index.php\/category\/politica\/"},{"label":"Nuevo Hospital de El Alto, un proyecto que mejorar\u00e1 la salud en la regi\u00f3n","link":"https:\/\/elfaroonline.com.ar\/index.php\/2024\/07\/27\/nuevo-hospital-de-el-alto-un-proyecto-que-mejorara-la-salud-en-la-region\/"}],"_links":{"self":[{"href":"https:\/\/elfaroonline.com.ar\/index.php\/wp-json\/wp\/v2\/posts\/1491","targetHints":{"allow":["GET"]}}],"collection":[{"href":"https:\/\/elfaroonline.com.ar\/index.php\/wp-json\/wp\/v2\/posts"}],"about":[{"href":"https:\/\/elfaroonline.com.ar\/index.php\/wp-json\/wp\/v2\/types\/post"}],"author":[{"embeddable":true,"href":"https:\/\/elfaroonline.com.ar\/index.php\/wp-json\/wp\/v2\/users\/2"}],"replies":[{"embeddable":true,"href":"https:\/\/elfaroonline.com.ar\/index.php\/wp-json\/wp\/v2\/comments?post=1491"}],"version-history":[{"count":1,"href":"https:\/\/elfaroonline.com.ar\/index.php\/wp-json\/wp\/v2\/posts\/1491\/revisions"}],"predecessor-version":[{"id":1493,"href":"https:\/\/elfaroonline.com.ar\/index.php\/wp-json\/wp\/v2\/posts\/1491\/revisions\/1493"}],"wp:featuredmedia":[{"embeddable":true,"href":"https:\/\/elfaroonline.com.ar\/index.php\/wp-json\/wp\/v2\/media\/1492"}],"wp:attachment":[{"href":"https:\/\/elfaroonline.com.ar\/index.php\/wp-json\/wp\/v2\/media?parent=1491"}],"wp:term":[{"taxonomy":"category","embeddable":true,"href":"https:\/\/elfaroonline.com.ar\/index.php\/wp-json\/wp\/v2\/categories?post=1491"},{"taxonomy":"post_tag","embeddable":true,"href":"https:\/\/elfaroonline.com.ar\/index.php\/wp-json\/wp\/v2\/tags?post=1491"}],"curies":[{"name":"wp","href":"https:\/\/api.w.org\/{rel}","templated":true}]}}