{"id":1527,"date":"2024-07-29T18:37:47","date_gmt":"2024-07-29T21:37:47","guid":{"rendered":"https:\/\/elfaroonline.com.ar\/?p=1527"},"modified":"2024-07-29T18:37:47","modified_gmt":"2024-07-29T21:37:47","slug":"en-el-aniversario-155-de-paclin-quedo-inaugurado-el-centro-tecnologico-y-cultural-en-la-historica-casona-de-los-figueroa","status":"publish","type":"post","link":"https:\/\/elfaroonline.com.ar\/index.php\/2024\/07\/29\/en-el-aniversario-155-de-paclin-quedo-inaugurado-el-centro-tecnologico-y-cultural-en-la-historica-casona-de-los-figueroa\/","title":{"rendered":"En el Aniversario 155 de Pacl\u00edn, qued\u00f3 inaugurado el Centro Tecnol\u00f3gico y Cultural en la hist\u00f3rica casona de los Figueroa"},"content":{"rendered":"<p class=\"v1MsoNormal\">El departamento de Pacl\u00edn celebr\u00f3 sus 155 a\u00f1os de existencia con una serie de actividades conmemorativas. Uno de los eventos m\u00e1s destacados fue la inauguraci\u00f3n de la restauraci\u00f3n arquitect\u00f3nica y la puesta en valor de la hist\u00f3rica Casona de Los Figueroa, en La Merced, donde qued\u00f3 inaugurado para el p\u00fablico el nuevo Centro de Innovaci\u00f3n Tecnol\u00f3gica y Cultural de Pacl\u00edn.<\/p>\n<p class=\"v1MsoNormal\">El evento fue encabezado por el gobernador Ra\u00fal Jalil y el intendente de Pacl\u00edn, Eduardo Menecier, contando con la participaci\u00f3n de la comunidad paclinense.<\/p>\n<p class=\"v1MsoNormal\">El ambicioso proyecto de restauraci\u00f3n y reacondicionamiento transform\u00f3 esta casa hist\u00f3rica, que data de finales del siglo XIX, en un espacio tecnol\u00f3gico-cultural y se constituye en una iniciativa innovadora que combina funciones c\u00edvicas con una propuesta inclusiva y tecnol\u00f3gica, abierta tanto a la comunidad local como a los turistas.<\/p>\n<p class=\"v1MsoNormal\">Entre los espacios destacados del Centro Tecnol\u00f3gico y Cultural se encuentran un laboratorio de ciencias, un aula de rob\u00f3tica, una sala de idiomas, un microcine en el subsuelo (con capacidad para 50 personas), y un sector de interpretaci\u00f3n y usos m\u00faltiples, entre otros. La puesta en valor de la antigua casona, con todos estos espacios, tiene como fin ser un espacio cultural, educativo y tur\u00edstico del departamento.<\/p>\n<p class=\"v1MsoNormal\">Durante el evento, el <b>gobernador Ra\u00fal Jalil <\/b>subray\u00f3 la importancia de recuperar las casas hist\u00f3ricas de cada pueblo, se\u00f1alando que estas restauraciones contribuyen a la identidad de los catamarque\u00f1os. &#8220;Este es un lugar de encuentro, creo que Wilfrido Figueroa estar\u00eda orgulloso de lo que se ha hecho en su casa&#8221;, afirm\u00f3.<\/p>\n<p class=\"v1MsoNormal\">Asimismo, anunci\u00f3 pr\u00f3ximas obras para impulsar el turismo en el departamento, incluyendo la Hoster\u00eda para Balcozna y la puesta en valor de la costanera de la villa veraniega.<\/p>\n<p class=\"v1MsoNormal\">El intendente <b>Eduardo Menecier<\/b> expres\u00f3 su agradecimiento al Gobernador y destac\u00f3 la importancia de esta inauguraci\u00f3n: &#8220;Hoy es un d\u00eda de mucha felicidad, pero principalmente es un d\u00eda de mucho orgullo. Estamos inaugurando una obra emblem\u00e1tica para nuestro departamento. Hoy Pacl\u00edn cumple 155 a\u00f1os de historia y cultura, pero principalmente este d\u00eda hist\u00f3rico va a quedar en el recuerdo y en el coraz\u00f3n de cada paclinense&#8221;.<\/p>\n<p class=\"v1MsoNormal\">Las actividades conmemorativas contaron con la presencia de la diputada Nacional Silvana Ginocchio; el diputado Nacional Sebasti\u00e1n N\u00f3blega; la senadora departamental, Virginia del Arco; el ministro de Gobierno, Justicia y Derechos Humanos, Fernando \u00c1vila; el ministro de Educaci\u00f3n, Dalmacio Mera, y el ministro de Ciencia e Innovaci\u00f3n Tecnol\u00f3gica, Isauro Molina. Tambi\u00e9n asistieron los intendentes Ra\u00fal Barot de Los Altos, Mario P\u00e1ez de Ba\u00f1ado de Ovanta, Franco Carletta de Ica\u00f1o, y Patricio Villafa\u00f1ez de Los Varela.<\/p>\n","protected":false},"excerpt":{"rendered":"<p>El departamento de Pacl\u00edn celebr\u00f3 sus 155 a\u00f1os de existencia con una serie de actividades conmemorativas. Uno de los eventos m\u00e1s destacados fue la inauguraci\u00f3n de la restauraci\u00f3n arquitect\u00f3nica y la puesta en valor de la hist\u00f3rica Casona de Los Figueroa, en La Merced, donde qued\u00f3 inaugurado para el p\u00fablico el nuevo Centro de Innovaci\u00f3n [&hellip;]<\/p>\n","protected":false},"author":2,"featured_media":1528,"comment_status":"open","ping_status":"open","sticky":false,"template":"","format":"standard","meta":{"footnotes":""},"categories":[23,21],"tags":[],"class_list":{"0":"post-1527","1":"post","2":"type-post","3":"status-publish","4":"format-standard","5":"has-post-thumbnail","7":"category-destacados","8":"category-politica"},"aioseo_notices":[],"_links":{"self":[{"href":"https:\/\/elfaroonline.com.ar\/index.php\/wp-json\/wp\/v2\/posts\/1527","targetHints":{"allow":["GET"]}}],"collection":[{"href":"https:\/\/elfaroonline.com.ar\/index.php\/wp-json\/wp\/v2\/posts"}],"about":[{"href":"https:\/\/elfaroonline.com.ar\/index.php\/wp-json\/wp\/v2\/types\/post"}],"author":[{"embeddable":true,"href":"https:\/\/elfaroonline.com.ar\/index.php\/wp-json\/wp\/v2\/users\/2"}],"replies":[{"embeddable":true,"href":"https:\/\/elfaroonline.com.ar\/index.php\/wp-json\/wp\/v2\/comments?post=1527"}],"version-history":[{"count":1,"href":"https:\/\/elfaroonline.com.ar\/index.php\/wp-json\/wp\/v2\/posts\/1527\/revisions"}],"predecessor-version":[{"id":1529,"href":"https:\/\/elfaroonline.com.ar\/index.php\/wp-json\/wp\/v2\/posts\/1527\/revisions\/1529"}],"wp:featuredmedia":[{"embeddable":true,"href":"https:\/\/elfaroonline.com.ar\/index.php\/wp-json\/wp\/v2\/media\/1528"}],"wp:attachment":[{"href":"https:\/\/elfaroonline.com.ar\/index.php\/wp-json\/wp\/v2\/media?parent=1527"}],"wp:term":[{"taxonomy":"category","embeddable":true,"href":"https:\/\/elfaroonline.com.ar\/index.php\/wp-json\/wp\/v2\/categories?post=1527"},{"taxonomy":"post_tag","embeddable":true,"href":"https:\/\/elfaroonline.com.ar\/index.php\/wp-json\/wp\/v2\/tags?post=1527"}],"curies":[{"name":"wp","href":"https:\/\/api.w.org\/{rel}","templated":true}]}}