{"id":1530,"date":"2024-07-29T18:40:16","date_gmt":"2024-07-29T21:40:16","guid":{"rendered":"https:\/\/elfaroonline.com.ar\/?p=1530"},"modified":"2024-07-29T18:40:16","modified_gmt":"2024-07-29T21:40:16","slug":"catamarca-sera-sede-de-dos-grandes-eventos-de-matematica-y-medio-ambiente","status":"publish","type":"post","link":"https:\/\/elfaroonline.com.ar\/index.php\/2024\/07\/29\/catamarca-sera-sede-de-dos-grandes-eventos-de-matematica-y-medio-ambiente\/","title":{"rendered":"Catamarca ser\u00e1 sede de dos grandes eventos de matem\u00e1tica y medio ambiente"},"content":{"rendered":"<p class=\"v1MsoNormal\">El gobernador Ra\u00fal Jalil recibi\u00f3 en Casa de Gobierno al rector de la Universidad Nacional de Catamarca, Oscar Arellano, quien asisti\u00f3 acompa\u00f1ado por la decana de la Facultad de Ciencias Exactas y Naturales, Beatriz L\u00f3pez, y el secretario de Investigaci\u00f3n y Posgrado, Ra\u00fal Ortega.<\/p>\n<p class=\"v1MsoNormal\">Durante el encuentro, los miembros de la UNCA informaron al Gobernador sobre dos grandes eventos que tendr\u00e1 la provincia donde se estima que cada uno tendr\u00e1 un importante marco de asistentes, tanto de Argentina como de pa\u00edses vecinos.<\/p>\n<p class=\"v1MsoNormal\">Uno es la reuni\u00f3n de la Uni\u00f3n Matem\u00e1tica Argentina (UMA), que se realiza en el pa\u00eds hace m\u00e1s de 70 a\u00f1os y por primera vez Catamarca ser\u00e1 sede. Ser\u00e1 del 16 al 20 de septiembre y contar\u00e1 con la asistencia de matem\u00e1ticos de distintas provincias.<\/p>\n<p class=\"v1MsoNormal\">&#8220;Congrega a estudiantes, docentes, investigadores y es una oportunidad para que participen los docentes y logren innovar sus aulas pensando en una matem\u00e1tica distinta. Un modo diferente de trabajar y ense\u00f1ar la matem\u00e1tica&#8221;, explic\u00f3 la decana L\u00f3pez.<\/p>\n<p class=\"v1MsoNormal\">Por otro lado, del 22 al 24 de octubre tendr\u00e1 espacio en la Capital catamarque\u00f1a el Congreso Iberoamericano de Ambiente y Calidad de Vida, que tambi\u00e9n prev\u00e9 la participaci\u00f3n de m\u00e1s de mil personas. El evento contar\u00e1 con expositores internacionales de gran envergadura en lo relacionado a materia ambiental.<\/p>\n","protected":false},"excerpt":{"rendered":"<p>El gobernador Ra\u00fal Jalil recibi\u00f3 en Casa de Gobierno al rector de la Universidad Nacional de Catamarca, Oscar Arellano, quien asisti\u00f3 acompa\u00f1ado por la decana de la Facultad de Ciencias Exactas y Naturales, Beatriz L\u00f3pez, y el secretario de Investigaci\u00f3n y Posgrado, Ra\u00fal Ortega. Durante el encuentro, los miembros de la UNCA informaron al Gobernador [&hellip;]<\/p>\n","protected":false},"author":2,"featured_media":1531,"comment_status":"open","ping_status":"open","sticky":false,"template":"","format":"standard","meta":{"footnotes":""},"categories":[21],"tags":[],"class_list":{"0":"post-1530","1":"post","2":"type-post","3":"status-publish","4":"format-standard","5":"has-post-thumbnail","7":"category-politica"},"aioseo_notices":[],"_links":{"self":[{"href":"https:\/\/elfaroonline.com.ar\/index.php\/wp-json\/wp\/v2\/posts\/1530","targetHints":{"allow":["GET"]}}],"collection":[{"href":"https:\/\/elfaroonline.com.ar\/index.php\/wp-json\/wp\/v2\/posts"}],"about":[{"href":"https:\/\/elfaroonline.com.ar\/index.php\/wp-json\/wp\/v2\/types\/post"}],"author":[{"embeddable":true,"href":"https:\/\/elfaroonline.com.ar\/index.php\/wp-json\/wp\/v2\/users\/2"}],"replies":[{"embeddable":true,"href":"https:\/\/elfaroonline.com.ar\/index.php\/wp-json\/wp\/v2\/comments?post=1530"}],"version-history":[{"count":1,"href":"https:\/\/elfaroonline.com.ar\/index.php\/wp-json\/wp\/v2\/posts\/1530\/revisions"}],"predecessor-version":[{"id":1532,"href":"https:\/\/elfaroonline.com.ar\/index.php\/wp-json\/wp\/v2\/posts\/1530\/revisions\/1532"}],"wp:featuredmedia":[{"embeddable":true,"href":"https:\/\/elfaroonline.com.ar\/index.php\/wp-json\/wp\/v2\/media\/1531"}],"wp:attachment":[{"href":"https:\/\/elfaroonline.com.ar\/index.php\/wp-json\/wp\/v2\/media?parent=1530"}],"wp:term":[{"taxonomy":"category","embeddable":true,"href":"https:\/\/elfaroonline.com.ar\/index.php\/wp-json\/wp\/v2\/categories?post=1530"},{"taxonomy":"post_tag","embeddable":true,"href":"https:\/\/elfaroonline.com.ar\/index.php\/wp-json\/wp\/v2\/tags?post=1530"}],"curies":[{"name":"wp","href":"https:\/\/api.w.org\/{rel}","templated":true}]}}