{"id":1574,"date":"2024-08-01T10:16:52","date_gmt":"2024-08-01T13:16:52","guid":{"rendered":"https:\/\/elfaroonline.com.ar\/?p=1574"},"modified":"2024-08-01T10:16:52","modified_gmt":"2024-08-01T13:16:52","slug":"adelantan-el-pago-de-becas-provinciales-para-aprovechar-el-one-shot-plus","status":"publish","type":"post","link":"https:\/\/elfaroonline.com.ar\/index.php\/2024\/08\/01\/adelantan-el-pago-de-becas-provinciales-para-aprovechar-el-one-shot-plus\/","title":{"rendered":"Adelantan el pago de becas provinciales para aprovechar el One Shot Plus"},"content":{"rendered":"<p class=\"v1MsoNormal\">El Gobierno Provincial dispuso adelantar la fecha de pago de las becas provinciales con el objetivo de que puedan contar con fondos y acceder al programa One Shot Plus para compra de alimentos. En consecuencia,<b>los beneficiarios tendr\u00e1n acreditado el dinero este viernes 2 de agosto. <\/b><\/p>\n<p class=\"v1MsoNormal\">La noticia fue confirmada tras una reuni\u00f3n que mantuvo el gobernador Ra\u00fal Jalil con la ministra de Econom\u00eda, Alejandra Nazareno y su equipo de trabajo; el ministro de Gobierno, Justicia y Derechos Humanos, Fernando \u00c1vila, y el ministro de Vivienda y Urbanizaci\u00f3n, Fidel Saenz.<\/p>\n<p class=\"v1MsoNormal\">La disposici\u00f3n de adelantar el pago de becas provinciales se realiza teniendo en cuenta que, con la nueva modalidad del One Shot, los beneficiarios podr\u00e1n realizar compras de alimentos con sus tarjetas de d\u00e9bito adheridas a Modo en la aplicaci\u00f3n BNA o en la misma aplicaci\u00f3n Modo.<\/p>\n<p class=\"v1MsoNormal\"><b>El One Shot Plus est\u00e1 vigente desde el 29 de julio hasta el 4 de agosto inclusive, con el 50% de descuento en Alimentos<\/b>. El nuevo tope de reintegro es de $80.000 por persona, lo que equivale a decir que durante la semana de la promoci\u00f3n podr\u00e1n hacerse compras por $160.000 por cada cliente o CUIT. Se recuerda que el monto no se descontar\u00e1 del resumen de cuenta, sino que se acreditar\u00e1 en la cuenta del cliente horas despu\u00e9s de la compra.<\/p>\n","protected":false},"excerpt":{"rendered":"<p>El Gobierno Provincial dispuso adelantar la fecha de pago de las becas provinciales con el objetivo de que puedan contar con fondos y acceder al programa One Shot Plus para compra de alimentos. En consecuencia,los beneficiarios tendr\u00e1n acreditado el dinero este viernes 2 de agosto. La noticia fue confirmada tras una reuni\u00f3n que mantuvo el [&hellip;]<\/p>\n","protected":false},"author":2,"featured_media":1575,"comment_status":"open","ping_status":"open","sticky":false,"template":"","format":"standard","meta":{"footnotes":""},"categories":[23,21],"tags":[],"class_list":{"0":"post-1574","1":"post","2":"type-post","3":"status-publish","4":"format-standard","5":"has-post-thumbnail","7":"category-destacados","8":"category-politica"},"aioseo_notices":[],"_links":{"self":[{"href":"https:\/\/elfaroonline.com.ar\/index.php\/wp-json\/wp\/v2\/posts\/1574","targetHints":{"allow":["GET"]}}],"collection":[{"href":"https:\/\/elfaroonline.com.ar\/index.php\/wp-json\/wp\/v2\/posts"}],"about":[{"href":"https:\/\/elfaroonline.com.ar\/index.php\/wp-json\/wp\/v2\/types\/post"}],"author":[{"embeddable":true,"href":"https:\/\/elfaroonline.com.ar\/index.php\/wp-json\/wp\/v2\/users\/2"}],"replies":[{"embeddable":true,"href":"https:\/\/elfaroonline.com.ar\/index.php\/wp-json\/wp\/v2\/comments?post=1574"}],"version-history":[{"count":1,"href":"https:\/\/elfaroonline.com.ar\/index.php\/wp-json\/wp\/v2\/posts\/1574\/revisions"}],"predecessor-version":[{"id":1576,"href":"https:\/\/elfaroonline.com.ar\/index.php\/wp-json\/wp\/v2\/posts\/1574\/revisions\/1576"}],"wp:featuredmedia":[{"embeddable":true,"href":"https:\/\/elfaroonline.com.ar\/index.php\/wp-json\/wp\/v2\/media\/1575"}],"wp:attachment":[{"href":"https:\/\/elfaroonline.com.ar\/index.php\/wp-json\/wp\/v2\/media?parent=1574"}],"wp:term":[{"taxonomy":"category","embeddable":true,"href":"https:\/\/elfaroonline.com.ar\/index.php\/wp-json\/wp\/v2\/categories?post=1574"},{"taxonomy":"post_tag","embeddable":true,"href":"https:\/\/elfaroonline.com.ar\/index.php\/wp-json\/wp\/v2\/tags?post=1574"}],"curies":[{"name":"wp","href":"https:\/\/api.w.org\/{rel}","templated":true}]}}