{"id":1577,"date":"2024-08-01T10:19:13","date_gmt":"2024-08-01T13:19:13","guid":{"rendered":"https:\/\/elfaroonline.com.ar\/?p=1577"},"modified":"2024-08-01T10:19:13","modified_gmt":"2024-08-01T13:19:13","slug":"efectivos-de-la-direccion-drogas-peligrosas-de-la-policia-de-la-provincia-secuestraron-mas-de-5-kilos-de-marihuana-en-la-capital","status":"publish","type":"post","link":"https:\/\/elfaroonline.com.ar\/index.php\/2024\/08\/01\/efectivos-de-la-direccion-drogas-peligrosas-de-la-policia-de-la-provincia-secuestraron-mas-de-5-kilos-de-marihuana-en-la-capital\/","title":{"rendered":"Efectivos de la Direcci\u00f3n Drogas Peligrosas de la Polic\u00eda de la Provincia secuestraron m\u00e1s de 5 kilos de Marihuana en la Capital"},"content":{"rendered":"<p class=\"v1MsoNormal\">Efectivos \u00a0de la<b> Divisiones Canes Antinarc\u00f3ticos e Inteligencia<\/b>, dependientes de la <b>Direcci\u00f3n Drogas Peligrosas de la Polic\u00eda de la Provincia,<\/b> llevaron a cabo un control vehicular e identificaci\u00f3n de personas en la ruta nacional N\u00b0 38, donde al inspeccionar un colectivo de larga distancia, los Canes marcaron la pertenencia de uno de los pasajeros, la cual podr\u00eda contener sustancias prohibidas.<\/p>\n<p class=\"v1MsoNormal\">De inmediato, los investigadores informaron de lo acontecido al Juzgado Federal, y luego en presencia de dos testigos, dieron apertura a un bolso de color gris, que conten\u00eda en su interior cinco trozos compactados con una sustancia herb\u00e1cea, que al ser sometida a la prueba de campo, arroj\u00f3 como resultado que se tratar\u00edan de 5,225 Kg. de Marihuana, que qued\u00f3 en calidad de secuestro.<\/p>\n<p class=\"v1MsoNormal\">Cabe se\u00f1alar que, desde la Justicia interviniente, se ordenaron otras medidas Judiciales en torno al hecho, labr\u00e1ndose las actuaciones correspondientes.<\/p>\n","protected":false},"excerpt":{"rendered":"<p>Efectivos \u00a0de la Divisiones Canes Antinarc\u00f3ticos e Inteligencia, dependientes de la Direcci\u00f3n Drogas Peligrosas de la Polic\u00eda de la Provincia, llevaron a cabo un control vehicular e identificaci\u00f3n de personas en la ruta nacional N\u00b0 38, donde al inspeccionar un colectivo de larga distancia, los Canes marcaron la pertenencia de uno de los pasajeros, la [&hellip;]<\/p>\n","protected":false},"author":2,"featured_media":1578,"comment_status":"open","ping_status":"open","sticky":false,"template":"","format":"standard","meta":{"footnotes":""},"categories":[27],"tags":[],"class_list":{"0":"post-1577","1":"post","2":"type-post","3":"status-publish","4":"format-standard","5":"has-post-thumbnail","7":"category-policiales"},"aioseo_notices":[],"_links":{"self":[{"href":"https:\/\/elfaroonline.com.ar\/index.php\/wp-json\/wp\/v2\/posts\/1577","targetHints":{"allow":["GET"]}}],"collection":[{"href":"https:\/\/elfaroonline.com.ar\/index.php\/wp-json\/wp\/v2\/posts"}],"about":[{"href":"https:\/\/elfaroonline.com.ar\/index.php\/wp-json\/wp\/v2\/types\/post"}],"author":[{"embeddable":true,"href":"https:\/\/elfaroonline.com.ar\/index.php\/wp-json\/wp\/v2\/users\/2"}],"replies":[{"embeddable":true,"href":"https:\/\/elfaroonline.com.ar\/index.php\/wp-json\/wp\/v2\/comments?post=1577"}],"version-history":[{"count":1,"href":"https:\/\/elfaroonline.com.ar\/index.php\/wp-json\/wp\/v2\/posts\/1577\/revisions"}],"predecessor-version":[{"id":1579,"href":"https:\/\/elfaroonline.com.ar\/index.php\/wp-json\/wp\/v2\/posts\/1577\/revisions\/1579"}],"wp:featuredmedia":[{"embeddable":true,"href":"https:\/\/elfaroonline.com.ar\/index.php\/wp-json\/wp\/v2\/media\/1578"}],"wp:attachment":[{"href":"https:\/\/elfaroonline.com.ar\/index.php\/wp-json\/wp\/v2\/media?parent=1577"}],"wp:term":[{"taxonomy":"category","embeddable":true,"href":"https:\/\/elfaroonline.com.ar\/index.php\/wp-json\/wp\/v2\/categories?post=1577"},{"taxonomy":"post_tag","embeddable":true,"href":"https:\/\/elfaroonline.com.ar\/index.php\/wp-json\/wp\/v2\/tags?post=1577"}],"curies":[{"name":"wp","href":"https:\/\/api.w.org\/{rel}","templated":true}]}}