{"id":1580,"date":"2024-08-02T16:53:45","date_gmt":"2024-08-02T19:53:45","guid":{"rendered":"https:\/\/elfaroonline.com.ar\/?p=1580"},"modified":"2024-08-02T16:53:45","modified_gmt":"2024-08-02T19:53:45","slug":"raul-jalil-reunio-al-gabinete-provincial-para-analizar-la-gestion-y-la-situacion-economica","status":"publish","type":"post","link":"https:\/\/elfaroonline.com.ar\/index.php\/2024\/08\/02\/raul-jalil-reunio-al-gabinete-provincial-para-analizar-la-gestion-y-la-situacion-economica\/","title":{"rendered":"Ra\u00fal Jalil reuni\u00f3 al Gabinete provincial para analizar la gesti\u00f3n y la situaci\u00f3n econ\u00f3mica"},"content":{"rendered":"<p class=\"v1MsoNormal\">En Casa de Gobierno, el gobernador Ra\u00fal Jalil mantuvo una reuni\u00f3n de Gabinete ampliado, donde adem\u00e1s participaron el vicegobernador Rub\u00e9n Dusso, y la presidenta de la C\u00e1mara de Diputados, Paola Fedeli.<\/p>\n<p class=\"v1MsoNormal\">En el encuentro, Ra\u00fal junto al equipo de gesti\u00f3n analizaron el trabajo realizado en estos meses en los distintos \u00e1mbitos de gobernanza. Coincidieron en reforzar y articular de manera interministerial el trabajo social para dar respuestas r\u00e1pidas y efectivas a las necesidades que se presentan en la coyuntura diaria en la sociedad catamarque\u00f1a.<\/p>\n<p class=\"v1MsoNormal\">En lo econ\u00f3mico, con la participaci\u00f3n de los equipos t\u00e9cnicos de los distintos organismos, se evalu\u00f3 la situaci\u00f3n econ\u00f3mica provincial y nacional, y las proyecciones de desarrollo de los ejes de la gesti\u00f3n de gobierno y acciones en las diversas \u00e1reas para los pr\u00f3ximos meses.<\/p>\n","protected":false},"excerpt":{"rendered":"<p>En Casa de Gobierno, el gobernador Ra\u00fal Jalil mantuvo una reuni\u00f3n de Gabinete ampliado, donde adem\u00e1s participaron el vicegobernador Rub\u00e9n Dusso, y la presidenta de la C\u00e1mara de Diputados, Paola Fedeli. En el encuentro, Ra\u00fal junto al equipo de gesti\u00f3n analizaron el trabajo realizado en estos meses en los distintos \u00e1mbitos de gobernanza. Coincidieron en [&hellip;]<\/p>\n","protected":false},"author":2,"featured_media":1581,"comment_status":"open","ping_status":"open","sticky":false,"template":"","format":"standard","meta":{"footnotes":""},"categories":[23,21],"tags":[],"class_list":{"0":"post-1580","1":"post","2":"type-post","3":"status-publish","4":"format-standard","5":"has-post-thumbnail","7":"category-destacados","8":"category-politica"},"aioseo_notices":[],"_links":{"self":[{"href":"https:\/\/elfaroonline.com.ar\/index.php\/wp-json\/wp\/v2\/posts\/1580","targetHints":{"allow":["GET"]}}],"collection":[{"href":"https:\/\/elfaroonline.com.ar\/index.php\/wp-json\/wp\/v2\/posts"}],"about":[{"href":"https:\/\/elfaroonline.com.ar\/index.php\/wp-json\/wp\/v2\/types\/post"}],"author":[{"embeddable":true,"href":"https:\/\/elfaroonline.com.ar\/index.php\/wp-json\/wp\/v2\/users\/2"}],"replies":[{"embeddable":true,"href":"https:\/\/elfaroonline.com.ar\/index.php\/wp-json\/wp\/v2\/comments?post=1580"}],"version-history":[{"count":1,"href":"https:\/\/elfaroonline.com.ar\/index.php\/wp-json\/wp\/v2\/posts\/1580\/revisions"}],"predecessor-version":[{"id":1582,"href":"https:\/\/elfaroonline.com.ar\/index.php\/wp-json\/wp\/v2\/posts\/1580\/revisions\/1582"}],"wp:featuredmedia":[{"embeddable":true,"href":"https:\/\/elfaroonline.com.ar\/index.php\/wp-json\/wp\/v2\/media\/1581"}],"wp:attachment":[{"href":"https:\/\/elfaroonline.com.ar\/index.php\/wp-json\/wp\/v2\/media?parent=1580"}],"wp:term":[{"taxonomy":"category","embeddable":true,"href":"https:\/\/elfaroonline.com.ar\/index.php\/wp-json\/wp\/v2\/categories?post=1580"},{"taxonomy":"post_tag","embeddable":true,"href":"https:\/\/elfaroonline.com.ar\/index.php\/wp-json\/wp\/v2\/tags?post=1580"}],"curies":[{"name":"wp","href":"https:\/\/api.w.org\/{rel}","templated":true}]}}