{"id":1583,"date":"2024-08-02T16:56:14","date_gmt":"2024-08-02T19:56:14","guid":{"rendered":"https:\/\/elfaroonline.com.ar\/?p=1583"},"modified":"2024-08-02T16:56:14","modified_gmt":"2024-08-02T19:56:14","slug":"raul-jalil-recibio-al-olimpico-julian-gutierrez","status":"publish","type":"post","link":"https:\/\/elfaroonline.com.ar\/index.php\/2024\/08\/02\/raul-jalil-recibio-al-olimpico-julian-gutierrez\/","title":{"rendered":"Ra\u00fal Jalil recibi\u00f3 al ol\u00edmpico Juli\u00e1n Guti\u00e9rrez"},"content":{"rendered":"<p class=\"v1MsoNormal\">Tras la hist\u00f3rica participaci\u00f3n en los Juegos Ol\u00edmpicos de Par\u00eds 2024, el gobernador Ra\u00fal Jalil recibi\u00f3 en Casa de Gobierno al tirador Juli\u00e1n Guti\u00e9rrez.<\/p>\n<p class=\"v1MsoNormal\">Acompa\u00f1ado por sus padres, Lena y Marcelo, y sus hermanos, Juli\u00e1n se reuni\u00f3 con el mandatario provincial y cont\u00f3 su experiencia en las olimpiadas donde se destac\u00f3 clasificando a la final en la modalidad Rifle de Aire 10m y obtuvo el diploma ol\u00edmpico al finalizar en la 8va posici\u00f3n.<\/p>\n<p class=\"v1MsoNormal\">Guti\u00e9rrez agradeci\u00f3 el constante acompa\u00f1amiento del Gobierno provincial en su carrera deportiva y expres\u00f3: &#8220;vine a visitar al gobernador Ra\u00fal Jalil para contarle todo lo que fue mi experiencia en los Juegos Ol\u00edmpicos. Fue un orgullo muy grande representar a todos los catamarque\u00f1os en el evento&#8221;.<\/p>\n<p class=\"v1MsoNormal\">Por su parte, Ra\u00fal felicit\u00f3 a Juli\u00e1n por representar tambi\u00e9n a Catamarca y Argentina en los juegos e inst\u00f3 a que siga trabajando en la misma l\u00ednea. <span lang=\"ES\">&#8220;Juli\u00e1n es un ejemplo de deportista a seguir por todos nuestros j\u00f3venes catamarque\u00f1os, y la muestra de que con trabajo serio y constante se puede llegar lejos&#8221;, afirm\u00f3. <\/span><\/p>\n<p class=\"v1MsoNormal\"><span lang=\"ES\">A su vez, el mandatario reafirm\u00f3 el compromiso de seguir acompa\u00f1ando la carrera deportiva de Juli\u00e1n Guti\u00e9rrez en lo que sea necesario.\u00a0<\/span><\/p>\n","protected":false},"excerpt":{"rendered":"<p>Tras la hist\u00f3rica participaci\u00f3n en los Juegos Ol\u00edmpicos de Par\u00eds 2024, el gobernador Ra\u00fal Jalil recibi\u00f3 en Casa de Gobierno al tirador Juli\u00e1n Guti\u00e9rrez. Acompa\u00f1ado por sus padres, Lena y Marcelo, y sus hermanos, Juli\u00e1n se reuni\u00f3 con el mandatario provincial y cont\u00f3 su experiencia en las olimpiadas donde se destac\u00f3 clasificando a la final [&hellip;]<\/p>\n","protected":false},"author":2,"featured_media":1584,"comment_status":"open","ping_status":"open","sticky":false,"template":"","format":"standard","meta":{"footnotes":""},"categories":[25],"tags":[],"class_list":{"0":"post-1583","1":"post","2":"type-post","3":"status-publish","4":"format-standard","5":"has-post-thumbnail","7":"category-deportes"},"aioseo_notices":[],"_links":{"self":[{"href":"https:\/\/elfaroonline.com.ar\/index.php\/wp-json\/wp\/v2\/posts\/1583","targetHints":{"allow":["GET"]}}],"collection":[{"href":"https:\/\/elfaroonline.com.ar\/index.php\/wp-json\/wp\/v2\/posts"}],"about":[{"href":"https:\/\/elfaroonline.com.ar\/index.php\/wp-json\/wp\/v2\/types\/post"}],"author":[{"embeddable":true,"href":"https:\/\/elfaroonline.com.ar\/index.php\/wp-json\/wp\/v2\/users\/2"}],"replies":[{"embeddable":true,"href":"https:\/\/elfaroonline.com.ar\/index.php\/wp-json\/wp\/v2\/comments?post=1583"}],"version-history":[{"count":1,"href":"https:\/\/elfaroonline.com.ar\/index.php\/wp-json\/wp\/v2\/posts\/1583\/revisions"}],"predecessor-version":[{"id":1585,"href":"https:\/\/elfaroonline.com.ar\/index.php\/wp-json\/wp\/v2\/posts\/1583\/revisions\/1585"}],"wp:featuredmedia":[{"embeddable":true,"href":"https:\/\/elfaroonline.com.ar\/index.php\/wp-json\/wp\/v2\/media\/1584"}],"wp:attachment":[{"href":"https:\/\/elfaroonline.com.ar\/index.php\/wp-json\/wp\/v2\/media?parent=1583"}],"wp:term":[{"taxonomy":"category","embeddable":true,"href":"https:\/\/elfaroonline.com.ar\/index.php\/wp-json\/wp\/v2\/categories?post=1583"},{"taxonomy":"post_tag","embeddable":true,"href":"https:\/\/elfaroonline.com.ar\/index.php\/wp-json\/wp\/v2\/tags?post=1583"}],"curies":[{"name":"wp","href":"https:\/\/api.w.org\/{rel}","templated":true}]}}