{"id":1586,"date":"2024-08-02T16:58:37","date_gmt":"2024-08-02T19:58:37","guid":{"rendered":"https:\/\/elfaroonline.com.ar\/?p=1586"},"modified":"2024-08-02T16:58:37","modified_gmt":"2024-08-02T19:58:37","slug":"firman-convenio-para-la-adquisicion-de-lotes-del-plan-de-viviendas-para-empleados-legislativos","status":"publish","type":"post","link":"https:\/\/elfaroonline.com.ar\/index.php\/2024\/08\/02\/firman-convenio-para-la-adquisicion-de-lotes-del-plan-de-viviendas-para-empleados-legislativos\/","title":{"rendered":"Firman convenio para la adquisici\u00f3n de lotes del plan de viviendas para empleados legislativos"},"content":{"rendered":"<p class=\"v1MsoNormal\">El vicegobernador Rub\u00e9n Dusso junto a la presidenta de la C\u00e1mara baja, Paola Fedeli, firmaron un convenio en representaci\u00f3n de las c\u00e1maras de Senadores y Diputados, con la finalidad de habilitar la adquisici\u00f3n de los lotes destinados como primer paso en el plan de construcci\u00f3n de viviendas sociales para personal legislativo y de otros sectores de la administraci\u00f3n p\u00fablica o privada. Se trata de lotes con infraestructura y regularizados dominialmente, que tienen un valor de 7 millones de pesos a pagar en 5 a\u00f1os. El destino de los primeros 250 lotes se destinar\u00e1n en una proporci\u00f3n de 100 para empleados de Senado, 100 de Diputados y 50 para el sector privado.<\/p>\n<p class=\"v1MsoNormal\">\n<p class=\"v1MsoNormal\">&#8220;Es el puntapi\u00e9 inicial para un gran proyecto donde intervienen todos; tanto el Gobierno provincial como el municipal, el Poder Legislativo, las empresas privadas y los gremios que representan a las y los trabajadores&#8221;, se\u00f1al\u00f3 al respecto el vicegobernador Dusso.<\/p>\n<p class=\"v1MsoNormal\">\n<p class=\"v1MsoNormal\">Estuvieron presentes en la firma de convenio, junto a Dusso y Fedeli; el contador Aldo Sarqu\u00eds, en representaci\u00f3n del Poder Ejecutivo; en representaci\u00f3n de la Federaci\u00f3n Econ\u00f3mica, Alejandro Segli; Javier Varela, secretario de Urbanizaci\u00f3n y Arquitectura de la Capital; la secretaria de Administraci\u00f3n de Senado, Geraldine Gas\u00f3; Eduardo Villagra, de la empresa REV Construcciones, Juan Nieva, secretario general del gremio ATS; In\u00e9s Rodr\u00edguez secretaria general del SELEG, Claudia Espeche, secretaria general del gremio UPCN.<\/p>\n<p class=\"v1MsoNormal\">\n<p class=\"v1MsoNormal\">&#8220;Esto es una tarea que empez\u00f3 el municipio ya hace tiempo, pr\u00e1cticamente desde que se empez\u00f3 la gesti\u00f3n, y es tratar de que la ciudad vaya creciendo de manera ordenada y planificada, ocupando los vac\u00edos urbanos. Luego de mucho trabajo, se logr\u00f3 regularizar dominialmente aproximadamente 2.000 terrenos en la zona sur de la ciudad, de los cuales aproximadamente 500, ya el municipio termin\u00f3 pr\u00e1cticamente las obras de infraestructura, creando 500 terrenos regularizados ya dominialmente, o sea, con t\u00edtulos perfectos, a trav\u00e9s de un acuerdo que se hizo entre una secuencia de actividades p\u00fablico-privada&#8221;, explic\u00f3 Varela.<\/p>\n<p class=\"v1MsoNormal\">\n<p class=\"v1MsoNormal\">&#8220;Una vez que el municipio ha llegado a esta instancia, ya empiezan a participar tambi\u00e9n otros estamentos del Estado, como ser fundamentalmente el gobierno provincial, a trav\u00e9s de la puesta a disposici\u00f3n de cr\u00e9dito, que lo va a hacer tanto el gobierno provincial como el gobierno municipal, de cr\u00e9dito para que empleados p\u00fablicos e incluso tambi\u00e9n gente que provenga de la actividad privada pueda conseguir estos cr\u00e9ditos para la compra de los terrenos y que a su vez esto habilite a obtener tambi\u00e9n la construcci\u00f3n de la vivienda. Entonces que se convierte en una secuencia de algo que es siempre positivo, que no solamente urbaniza la ciudad en estos vac\u00edos urbanos que completan el tejido, sino que tambi\u00e9n se llega al fin \u00faltimo que tiene la pol\u00edtica territorial, la pol\u00edtica de vivienda, que es que haya siempre una posibilidad por parte de los vecinos de la ciudad de tener acceso a una vivienda digna&#8221;, finaliz\u00f3 Varela.<\/p>\n<p class=\"v1MsoNormal\">\n<p class=\"v1MsoNormal\">Aldo Sarqu\u00eds explic\u00f3 por su parte que el convenio que se firma es con ambas c\u00e1maras legislativas, y es para el desarrollo de un plan de vivienda donde van a intervenir empleados legislativos, empleados de la municipalidad y el sector privado. &#8220;Hay una expropiaci\u00f3n que en su momento realiz\u00f3 la municipalidad de la Capital, donde acord\u00f3 con el due\u00f1o original la entrega de lotes en vez del pago de la expropiaci\u00f3n. La municipalidad invirti\u00f3 en el desarrollo de la infraestructura de dichos lotes, o sea, energ\u00eda, agua, cloacas y cordones y se est\u00e1 firmando un convenio ahora de comercializaci\u00f3n de los lotes con destino vivienda. El valor de los lotes es de 7 millones de pesos, pagadero est\u00e1 en 5 a\u00f1os (60 cuotas) y hay un compromiso de gesti\u00f3n ante la caja de prestaciones del Catamarca para financiar la construcci\u00f3n de la vivienda&#8221;, finaliz\u00f3 el contador.<\/p>\n<p class=\"v1MsoNormal\">\n<p class=\"v1MsoNormal\">Seg\u00fan el articulado del acuerdo firmado entre el Vicegobernador Rub\u00e9n Dusso y Hern\u00e1n Eduardo Villagra, representante de la constructora las partes &#8220;acuerdan poner sus mejores esfuerzos en el desarrollo del proyecto y su finalizaci\u00f3n en un plazo no mayor a 18 meses&#8221;, as\u00ed como que la empresa iniciar\u00e1 dentro de los quince d\u00edas la construcci\u00f3n de una unidad modelo para conocimiento y ejemplo de las viviendas a construir, poniendo a disposici\u00f3n la documentaci\u00f3n t\u00e9cnica y los planos municipales aprobados.<\/p>\n","protected":false},"excerpt":{"rendered":"<p>El vicegobernador Rub\u00e9n Dusso junto a la presidenta de la C\u00e1mara baja, Paola Fedeli, firmaron un convenio en representaci\u00f3n de las c\u00e1maras de Senadores y Diputados, con la finalidad de habilitar la adquisici\u00f3n de los lotes destinados como primer paso en el plan de construcci\u00f3n de viviendas sociales para personal legislativo y de otros sectores [&hellip;]<\/p>\n","protected":false},"author":2,"featured_media":1587,"comment_status":"open","ping_status":"open","sticky":false,"template":"","format":"standard","meta":{"footnotes":""},"categories":[21],"tags":[],"class_list":{"0":"post-1586","1":"post","2":"type-post","3":"status-publish","4":"format-standard","5":"has-post-thumbnail","7":"category-politica"},"aioseo_notices":[],"_links":{"self":[{"href":"https:\/\/elfaroonline.com.ar\/index.php\/wp-json\/wp\/v2\/posts\/1586","targetHints":{"allow":["GET"]}}],"collection":[{"href":"https:\/\/elfaroonline.com.ar\/index.php\/wp-json\/wp\/v2\/posts"}],"about":[{"href":"https:\/\/elfaroonline.com.ar\/index.php\/wp-json\/wp\/v2\/types\/post"}],"author":[{"embeddable":true,"href":"https:\/\/elfaroonline.com.ar\/index.php\/wp-json\/wp\/v2\/users\/2"}],"replies":[{"embeddable":true,"href":"https:\/\/elfaroonline.com.ar\/index.php\/wp-json\/wp\/v2\/comments?post=1586"}],"version-history":[{"count":1,"href":"https:\/\/elfaroonline.com.ar\/index.php\/wp-json\/wp\/v2\/posts\/1586\/revisions"}],"predecessor-version":[{"id":1588,"href":"https:\/\/elfaroonline.com.ar\/index.php\/wp-json\/wp\/v2\/posts\/1586\/revisions\/1588"}],"wp:featuredmedia":[{"embeddable":true,"href":"https:\/\/elfaroonline.com.ar\/index.php\/wp-json\/wp\/v2\/media\/1587"}],"wp:attachment":[{"href":"https:\/\/elfaroonline.com.ar\/index.php\/wp-json\/wp\/v2\/media?parent=1586"}],"wp:term":[{"taxonomy":"category","embeddable":true,"href":"https:\/\/elfaroonline.com.ar\/index.php\/wp-json\/wp\/v2\/categories?post=1586"},{"taxonomy":"post_tag","embeddable":true,"href":"https:\/\/elfaroonline.com.ar\/index.php\/wp-json\/wp\/v2\/tags?post=1586"}],"curies":[{"name":"wp","href":"https:\/\/api.w.org\/{rel}","templated":true}]}}