{"id":1592,"date":"2024-08-02T17:02:50","date_gmt":"2024-08-02T20:02:50","guid":{"rendered":"https:\/\/elfaroonline.com.ar\/?p=1592"},"modified":"2024-08-02T17:02:50","modified_gmt":"2024-08-02T20:02:50","slug":"osep-avanza-con-la-capacitacion-de-la-app-movil-en-el-interior","status":"publish","type":"post","link":"https:\/\/elfaroonline.com.ar\/index.php\/2024\/08\/02\/osep-avanza-con-la-capacitacion-de-la-app-movil-en-el-interior\/","title":{"rendered":"OSEP avanza con la capacitaci\u00f3n de la app m\u00f3vil en el interior"},"content":{"rendered":"<p class=\"v1MsoNormal\"><i>El stand de la Obra Social visit\u00f3 Tinogasta, Fiambal\u00e1 y Bel\u00e9n, donde atendi\u00f3 a m\u00e1s de 800 afiliados. En los pr\u00f3ximos d\u00edas recorrer\u00e1 La Puerta, El Rodeo, Las Juntas y Los Varela.<\/i><\/p>\n<p class=\"v1MsoNormal\">La Obra Social de los Empleados P\u00fablicos (OSEP) sigue llegando al interior provincial para capacitar a sus afiliados en el uso de la aplicaci\u00f3n OSEP M\u00f3vil Catamarca. D\u00edas pasados, el equipo de la app visit\u00f3 las localidades de Fiambal\u00e1, Tinogasta y Bel\u00e9n, y en las primeras semanas de agosto recorrer\u00e1 La Puerta, El Rodeo, Las Juntas y Los Varela.<\/p>\n<p class=\"v1MsoNormal\">En las localidades del oeste provincial, durante tres jornadas, el stand m\u00f3vil de la app atendi\u00f3 a m\u00e1s de 800 afiliados, quienes ya tienen instalada la aplicaci\u00f3n y se encuentran habilitados para utilizar el token digital para sus atenciones ambulatorias.<\/p>\n<p class=\"v1MsoNormal\">En tanto, para las pr\u00f3ximas semanas el cronograma de visitas es el siguiente:<\/p>\n<p class=\"v1gmail-MsoListParagraphCxSpFirst\">\u00b7\u00a0\u00a0\u00a0\u00a0\u00a0\u00a0\u00a0\u00a0 02\/08 La Puerta \u2013 Oficina de Acci\u00f3n Social de 10 a 13 y de 14.30 a 17 h.<\/p>\n<p class=\"v1gmail-MsoListParagraphCxSpMiddle\">\u00b7\u00a0\u00a0\u00a0\u00a0\u00a0\u00a0\u00a0\u00a0 05\/08 El Rodeo \u2013 Sal\u00f3n Cultural Oscar Cardozo de 8 a 14 h.<\/p>\n<p class=\"v1gmail-MsoListParagraphCxSpMiddle\">\u00b7\u00a0\u00a0\u00a0\u00a0\u00a0\u00a0\u00a0\u00a0 06\/08 Las Juntas \u2013 Casa de la Cultura de 8 a 14 h.<\/p>\n<p class=\"v1gmail-MsoListParagraphCxSpLast\">\u00b7\u00a0\u00a0\u00a0\u00a0\u00a0\u00a0\u00a0\u00a0 07\/08 Los Varela \u2013 Delegaci\u00f3n OSEP de 8 a 14 h.<\/p>\n<p class=\"v1MsoNormal\">Por su parte, los afiliados del Valle Central pueden acercarse a la Mesa de Ayuda de Casa Central, para obtener asesoramiento. Adem\u00e1s, se implementaron otras dos mesas de ayuda permanentes en las delegaciones de Valle Viejo y Fray Mamerto Esqui\u00fa. Tambi\u00e9n pueden comunicarse v\u00eda Whatsapp al n\u00famero <a href=\"tel:383-4027063\">383-4027063<\/a>.<\/p>\n<p class=\"v1MsoNormal\">La aplicaci\u00f3n OSEP M\u00f3vil Catamarca le otorga al afiliado la posibilidad de llevar un control de sus atenciones ambulatorias a trav\u00e9s del token digital. Esta herramienta simplifica la autorizaci\u00f3n y consumo de la prestaci\u00f3n por parte del profesional de la salud ya que a trav\u00e9s del token se puede acreditar en el momento que la atenci\u00f3n se realiz\u00f3 efectivamente y su carga impacta en la facturaci\u00f3n en el acto.<\/p>\n","protected":false},"excerpt":{"rendered":"<p>El stand de la Obra Social visit\u00f3 Tinogasta, Fiambal\u00e1 y Bel\u00e9n, donde atendi\u00f3 a m\u00e1s de 800 afiliados. En los pr\u00f3ximos d\u00edas recorrer\u00e1 La Puerta, El Rodeo, Las Juntas y Los Varela. La Obra Social de los Empleados P\u00fablicos (OSEP) sigue llegando al interior provincial para capacitar a sus afiliados en el uso de la [&hellip;]<\/p>\n","protected":false},"author":2,"featured_media":1593,"comment_status":"open","ping_status":"open","sticky":false,"template":"","format":"standard","meta":{"footnotes":""},"categories":[20],"tags":[],"class_list":{"0":"post-1592","1":"post","2":"type-post","3":"status-publish","4":"format-standard","5":"has-post-thumbnail","7":"category-sociedad"},"aioseo_notices":[],"_links":{"self":[{"href":"https:\/\/elfaroonline.com.ar\/index.php\/wp-json\/wp\/v2\/posts\/1592","targetHints":{"allow":["GET"]}}],"collection":[{"href":"https:\/\/elfaroonline.com.ar\/index.php\/wp-json\/wp\/v2\/posts"}],"about":[{"href":"https:\/\/elfaroonline.com.ar\/index.php\/wp-json\/wp\/v2\/types\/post"}],"author":[{"embeddable":true,"href":"https:\/\/elfaroonline.com.ar\/index.php\/wp-json\/wp\/v2\/users\/2"}],"replies":[{"embeddable":true,"href":"https:\/\/elfaroonline.com.ar\/index.php\/wp-json\/wp\/v2\/comments?post=1592"}],"version-history":[{"count":1,"href":"https:\/\/elfaroonline.com.ar\/index.php\/wp-json\/wp\/v2\/posts\/1592\/revisions"}],"predecessor-version":[{"id":1594,"href":"https:\/\/elfaroonline.com.ar\/index.php\/wp-json\/wp\/v2\/posts\/1592\/revisions\/1594"}],"wp:featuredmedia":[{"embeddable":true,"href":"https:\/\/elfaroonline.com.ar\/index.php\/wp-json\/wp\/v2\/media\/1593"}],"wp:attachment":[{"href":"https:\/\/elfaroonline.com.ar\/index.php\/wp-json\/wp\/v2\/media?parent=1592"}],"wp:term":[{"taxonomy":"category","embeddable":true,"href":"https:\/\/elfaroonline.com.ar\/index.php\/wp-json\/wp\/v2\/categories?post=1592"},{"taxonomy":"post_tag","embeddable":true,"href":"https:\/\/elfaroonline.com.ar\/index.php\/wp-json\/wp\/v2\/tags?post=1592"}],"curies":[{"name":"wp","href":"https:\/\/api.w.org\/{rel}","templated":true}]}}