{"id":1595,"date":"2024-08-02T17:06:43","date_gmt":"2024-08-02T20:06:43","guid":{"rendered":"https:\/\/elfaroonline.com.ar\/?p=1595"},"modified":"2024-08-02T17:06:43","modified_gmt":"2024-08-02T20:06:43","slug":"juicio-abreviado-para-imputado-por-abuso-sexual-agravado","status":"publish","type":"post","link":"https:\/\/elfaroonline.com.ar\/index.php\/2024\/08\/02\/juicio-abreviado-para-imputado-por-abuso-sexual-agravado\/","title":{"rendered":"Juicio abreviado para imputado por abuso sexual agravado"},"content":{"rendered":"<p>&nbsp;<\/p>\n<p>Para el d\u00eda de hoy se encontraba prevista la audiencia de recepci\u00f3n de evidencia que prevee el procedimiento de juicio por jurados en la causa Ref. Autos Expte. Letra &#8220;F&#8221; N\u00b0 12\/2023 caratulados: &#8220;F., J.A. -s.a. Abuso Sexual con Acceso Carnal Agravado por ser Cometido contra una Menor Aprovechando la Situaci\u00f3n de Convivencia Preexistente -Un Hecho Continuado- y Corrupci\u00f3n de Menores Agravado por ser la V\u00edctima Menor de Trece A\u00f1os en Concurso Ideal (Hecho Nominado<br \/>\nPrimero) y Abuso Sexual con Acceso Carnal Agravado por el V\u00ednculo -un Hecho Continuado- y Corrupci\u00f3n de Menores Agravado por ser la V\u00edctima Menor de Trece A\u00f1os y por ser Cometido por Ascendiente en Concurso<br \/>\nIdeal (Hecho Nominado Segundo) ambos hechos en Concurso Real. Bel\u00e9n.<\/p>\n<p>El Ministerio P\u00fablico Fiscal representado por el Dr. Alejandro Dalla Lasta, la querella por las Dras. Giselle Saseta y Laura Cisterna, y la defensa por el Dr. Francisco Carlos Alloco, presentaron al juez director, Dr. Mauricio David Navarro Foressi , un acuerdo en el que solicitaron el sometimiento de la causa al procedimiento ordinario, por lo que se inici\u00f3 con la audiencia pertinente.<\/p>\n<p>En dicho acuerdo se estableci\u00f3 la responsabilidad del imputado, ya que confes\u00f3 los hechos.<br \/>\nLas partes litigaron \u00fanicamente respecto al monto de la pena, posibilidad habilitada por la ley de juicio por jurados, por lo que se oyeron a los testigos ofrecidos y se realizaron los alegatos finales.<\/p>\n<p>El juez hizo lugar a lo solicitado declarando culpable al acusado y fij\u00f3 la pena en 18 a\u00f1os de prisi\u00f3n efectiva de ejecuci\u00f3n inmediata y la realizaci\u00f3n de talleres de perspectiva de g\u00e9nero.<\/p>\n","protected":false},"excerpt":{"rendered":"<p>&nbsp; Para el d\u00eda de hoy se encontraba prevista la audiencia de recepci\u00f3n de evidencia que prevee el procedimiento de juicio por jurados en la causa Ref. Autos Expte. Letra &#8220;F&#8221; N\u00b0 12\/2023 caratulados: &#8220;F., J.A. -s.a. Abuso Sexual con Acceso Carnal Agravado por ser Cometido contra una Menor Aprovechando la Situaci\u00f3n de Convivencia Preexistente [&hellip;]<\/p>\n","protected":false},"author":2,"featured_media":1596,"comment_status":"open","ping_status":"open","sticky":false,"template":"","format":"standard","meta":{"footnotes":""},"categories":[27],"tags":[],"class_list":{"0":"post-1595","1":"post","2":"type-post","3":"status-publish","4":"format-standard","5":"has-post-thumbnail","7":"category-policiales"},"aioseo_notices":[],"_links":{"self":[{"href":"https:\/\/elfaroonline.com.ar\/index.php\/wp-json\/wp\/v2\/posts\/1595","targetHints":{"allow":["GET"]}}],"collection":[{"href":"https:\/\/elfaroonline.com.ar\/index.php\/wp-json\/wp\/v2\/posts"}],"about":[{"href":"https:\/\/elfaroonline.com.ar\/index.php\/wp-json\/wp\/v2\/types\/post"}],"author":[{"embeddable":true,"href":"https:\/\/elfaroonline.com.ar\/index.php\/wp-json\/wp\/v2\/users\/2"}],"replies":[{"embeddable":true,"href":"https:\/\/elfaroonline.com.ar\/index.php\/wp-json\/wp\/v2\/comments?post=1595"}],"version-history":[{"count":1,"href":"https:\/\/elfaroonline.com.ar\/index.php\/wp-json\/wp\/v2\/posts\/1595\/revisions"}],"predecessor-version":[{"id":1597,"href":"https:\/\/elfaroonline.com.ar\/index.php\/wp-json\/wp\/v2\/posts\/1595\/revisions\/1597"}],"wp:featuredmedia":[{"embeddable":true,"href":"https:\/\/elfaroonline.com.ar\/index.php\/wp-json\/wp\/v2\/media\/1596"}],"wp:attachment":[{"href":"https:\/\/elfaroonline.com.ar\/index.php\/wp-json\/wp\/v2\/media?parent=1595"}],"wp:term":[{"taxonomy":"category","embeddable":true,"href":"https:\/\/elfaroonline.com.ar\/index.php\/wp-json\/wp\/v2\/categories?post=1595"},{"taxonomy":"post_tag","embeddable":true,"href":"https:\/\/elfaroonline.com.ar\/index.php\/wp-json\/wp\/v2\/tags?post=1595"}],"curies":[{"name":"wp","href":"https:\/\/api.w.org\/{rel}","templated":true}]}}