{"id":1598,"date":"2024-08-02T17:11:24","date_gmt":"2024-08-02T20:11:24","guid":{"rendered":"https:\/\/elfaroonline.com.ar\/?p=1598"},"modified":"2024-08-02T17:11:24","modified_gmt":"2024-08-02T20:11:24","slug":"causa-rt-inversiones-procesaron-a-nieva-y-a-los-bulacio-por-asociacion-ilicita","status":"publish","type":"post","link":"https:\/\/elfaroonline.com.ar\/index.php\/2024\/08\/02\/causa-rt-inversiones-procesaron-a-nieva-y-a-los-bulacio-por-asociacion-ilicita\/","title":{"rendered":"Causa RT Inversiones: procesaron a Nieva y a los Bulacio por asociaci\u00f3n il\u00edcita"},"content":{"rendered":"<p>Seg\u00fan el documento emitido, la C\u00e1mara Federal de Tucum\u00e1n hizo hacer lugar a la apelaci\u00f3n solicitada por el Ministerio P\u00fablico Fiscal y por los abogados querellantes sobre la resoluci\u00f3n dada a conocer el 10 de marzo de 2023, donde los jueces decidieron disponer la falta de m\u00e9rito para procesar o sobreseer a los imputados <strong>Alicia Nieva, Edgardo Bulacio y Edmundo Bulacio en relaci\u00f3n a los delitos de asociaci\u00f3n il\u00edcita<\/strong>.<\/p>\n<p>Recordemos que en el 2023, los acusados por el delito de asociaci\u00f3n il\u00edcita no fueron procesados por falta de m\u00e9rito, pero este jueves, la justicia de Tucum\u00e1n revoc\u00f3 el dictamen del juez federal Sebasti\u00e1n Argibay.<\/p>\n<p>La C\u00e1mara revoc\u00f3 esta parte de la resoluci\u00f3n y orden\u00f3 el procesamiento de los mencionados imputados por la presunta comisi\u00f3n del delito de asociaci\u00f3n il\u00edcita.<\/p>\n<p>Adem\u00e1s, la medida tambi\u00e9n afect\u00f3 a V\u00edctor Vergara, Exequiel Mat\u00edas Rolon Reynoso, Eduardo Navarro y Esteban Cabello, quienes ahora enfrentar\u00e1n procesamiento por la presunta comisi\u00f3n de los delitos de asociaci\u00f3n il\u00edcita y lavado de activos.<\/p>\n","protected":false},"excerpt":{"rendered":"<p>Seg\u00fan el documento emitido, la C\u00e1mara Federal de Tucum\u00e1n hizo hacer lugar a la apelaci\u00f3n solicitada por el Ministerio P\u00fablico Fiscal y por los abogados querellantes sobre la resoluci\u00f3n dada a conocer el 10 de marzo de 2023, donde los jueces decidieron disponer la falta de m\u00e9rito para procesar o sobreseer a los imputados Alicia [&hellip;]<\/p>\n","protected":false},"author":2,"featured_media":1599,"comment_status":"open","ping_status":"open","sticky":false,"template":"","format":"standard","meta":{"footnotes":""},"categories":[23,27],"tags":[],"class_list":{"0":"post-1598","1":"post","2":"type-post","3":"status-publish","4":"format-standard","5":"has-post-thumbnail","7":"category-destacados","8":"category-policiales"},"aioseo_notices":[],"_links":{"self":[{"href":"https:\/\/elfaroonline.com.ar\/index.php\/wp-json\/wp\/v2\/posts\/1598","targetHints":{"allow":["GET"]}}],"collection":[{"href":"https:\/\/elfaroonline.com.ar\/index.php\/wp-json\/wp\/v2\/posts"}],"about":[{"href":"https:\/\/elfaroonline.com.ar\/index.php\/wp-json\/wp\/v2\/types\/post"}],"author":[{"embeddable":true,"href":"https:\/\/elfaroonline.com.ar\/index.php\/wp-json\/wp\/v2\/users\/2"}],"replies":[{"embeddable":true,"href":"https:\/\/elfaroonline.com.ar\/index.php\/wp-json\/wp\/v2\/comments?post=1598"}],"version-history":[{"count":1,"href":"https:\/\/elfaroonline.com.ar\/index.php\/wp-json\/wp\/v2\/posts\/1598\/revisions"}],"predecessor-version":[{"id":1600,"href":"https:\/\/elfaroonline.com.ar\/index.php\/wp-json\/wp\/v2\/posts\/1598\/revisions\/1600"}],"wp:featuredmedia":[{"embeddable":true,"href":"https:\/\/elfaroonline.com.ar\/index.php\/wp-json\/wp\/v2\/media\/1599"}],"wp:attachment":[{"href":"https:\/\/elfaroonline.com.ar\/index.php\/wp-json\/wp\/v2\/media?parent=1598"}],"wp:term":[{"taxonomy":"category","embeddable":true,"href":"https:\/\/elfaroonline.com.ar\/index.php\/wp-json\/wp\/v2\/categories?post=1598"},{"taxonomy":"post_tag","embeddable":true,"href":"https:\/\/elfaroonline.com.ar\/index.php\/wp-json\/wp\/v2\/tags?post=1598"}],"curies":[{"name":"wp","href":"https:\/\/api.w.org\/{rel}","templated":true}]}}