{"id":1601,"date":"2024-08-02T17:17:22","date_gmt":"2024-08-02T20:17:22","guid":{"rendered":"https:\/\/elfaroonline.com.ar\/?p=1601"},"modified":"2024-08-02T17:17:22","modified_gmt":"2024-08-02T20:17:22","slug":"los-trabajadores-de-ate-anunciaron-un-paro-y-movilizacion-para-el-proximo-7-de-agosto","status":"publish","type":"post","link":"https:\/\/elfaroonline.com.ar\/index.php\/2024\/08\/02\/los-trabajadores-de-ate-anunciaron-un-paro-y-movilizacion-para-el-proximo-7-de-agosto\/","title":{"rendered":"Los trabajadores de ATE anunciaron un paro y movilizaci\u00f3n para el pr\u00f3ximo 7 de agosto"},"content":{"rendered":"<p class=\"paragraph\" data-mrf-recirculation=\"Links inline\">El secretario general de ATE, <b>Rodolfo Aguiar<\/b>, anunci\u00f3 este viernes un paro nacional y movilizaci\u00f3n para el pr\u00f3ximo mi\u00e9rcoles 7 de agosto en reclamo de mejores salarios y para denunciar el \u201cajuste presupuestario\u201d.<\/p>\n<div class=\"news-module\" data-mrf-recirculation=\"IL_2_GB_9O-QPaEgG0T7rEvhQ\" data-testid=\"text-html\" data-mrf-experience=\"IL_2_GB_9O-QPaEgG0T7rEvhQ\">\n<div class=\"recommended-card__info\">\u201cComienza la segunda etapa de resistencia contra el gobierno nacional. Los estatales decidimos volver a salir a la calle en esta fecha, el D\u00eda de San Cayetano, para reclamar por <b>las dos cosas que nos est\u00e1 quitando el presidente Javier Milei: el pan y el trabajo<\/b><i>. <\/i>El recorte en los salarios, las cesant\u00edas masivas y el ajuste presupuestario se est\u00e1n traduciendo en un deterioro sensible de todos los servicios p\u00fablicos\u201d, inform\u00f3 Aguiar en sus redes sociales.<\/div>\n<\/div>\n<div>Adem\u00e1s, denunci\u00f3 que \u201cel proceso de empobrecimiento de los asalariados y los jubilados se viene acelerando y la \u00fanica manera que tenemos de frenarlo es multiplicando las protestas en todo el pa\u00eds. Esta medida de alcance nacional tiene que servir para romper la tensa calma que parece haber surgido luego de la aprobaci\u00f3n de la Ley Bases y mostrar desde el movimiento obrero, que estamos realizando los esfuerzos necesarios para lograr los mayores niveles de unidad\u201d.<\/div>\n<div>\u201cEl Gobierno contin\u00faa atacando a las y los trabajadores estatales en particular y al conjunto de la sociedad en general, aplicando un ajuste brutal con despidos masivos, cierres de organismos p\u00fabicos, eliminaci\u00f3n de pol\u00edticas p\u00fablicas, pulverizando salarios y jubilaciones. Coincidentemente, la represi\u00f3n, detenciones ilegales y la judicializaci\u00f3n de la protesta social nos hacen recordar a las \u00e9pocas m\u00e1s oscuras de nuestro pa\u00eds, se violan derechos civiles y sociales esenciales y se cercena la libertad de prensa y expresi\u00f3n\u201d, agregaron en un comunicado del Consejo Directivo.<\/div>\n<div class=\"news-module\" data-mrf-recirculation=\"IL_2_GB_9O-QPaEgG0T7rEvhQ\" data-testid=\"text-html\" data-mrf-experience=\"IL_2_GB_9O-QPaEgG0T7rEvhQ\">\n<div>En ese sentido, adelantaron que <b>\u201clas y los estatales saldremos nuevamente a las calles y plazas del pa\u00eds para reclamar por: la urgente reincorporaci\u00f3n de todas las y los cesanteados<\/b>; el cese inmediato de los despidos, del cierre de organismos y de la eliminaci\u00f3n de las pol\u00edticas p\u00fablicas; la regularizaci\u00f3n de todos los v\u00ednculos contractuales y pase a Planta Permanente de todas las y los trabajadores; el rechazo a cualquier privatizaci\u00f3n de empresas p\u00fablicas; la defensa del Fondo de Garant\u00eda de Sustentabilidad (FGS) y de todas las y los trabajadores jubilados; la anulaci\u00f3n del Protocolo Anti-Movilizaciones y la anulaci\u00f3n del DNU 70\/23\u2033.<\/div>\n<\/div>\n","protected":false},"excerpt":{"rendered":"<p>El secretario general de ATE, Rodolfo Aguiar, anunci\u00f3 este viernes un paro nacional y movilizaci\u00f3n para el pr\u00f3ximo mi\u00e9rcoles 7 de agosto en reclamo de mejores salarios y para denunciar el \u201cajuste presupuestario\u201d. \u201cComienza la segunda etapa de resistencia contra el gobierno nacional. Los estatales decidimos volver a salir a la calle en esta fecha, [&hellip;]<\/p>\n","protected":false},"author":2,"featured_media":1602,"comment_status":"open","ping_status":"open","sticky":false,"template":"","format":"standard","meta":{"footnotes":""},"categories":[22],"tags":[],"class_list":{"0":"post-1601","1":"post","2":"type-post","3":"status-publish","4":"format-standard","5":"has-post-thumbnail","7":"category-nacionales"},"aioseo_notices":[],"_links":{"self":[{"href":"https:\/\/elfaroonline.com.ar\/index.php\/wp-json\/wp\/v2\/posts\/1601","targetHints":{"allow":["GET"]}}],"collection":[{"href":"https:\/\/elfaroonline.com.ar\/index.php\/wp-json\/wp\/v2\/posts"}],"about":[{"href":"https:\/\/elfaroonline.com.ar\/index.php\/wp-json\/wp\/v2\/types\/post"}],"author":[{"embeddable":true,"href":"https:\/\/elfaroonline.com.ar\/index.php\/wp-json\/wp\/v2\/users\/2"}],"replies":[{"embeddable":true,"href":"https:\/\/elfaroonline.com.ar\/index.php\/wp-json\/wp\/v2\/comments?post=1601"}],"version-history":[{"count":1,"href":"https:\/\/elfaroonline.com.ar\/index.php\/wp-json\/wp\/v2\/posts\/1601\/revisions"}],"predecessor-version":[{"id":1603,"href":"https:\/\/elfaroonline.com.ar\/index.php\/wp-json\/wp\/v2\/posts\/1601\/revisions\/1603"}],"wp:featuredmedia":[{"embeddable":true,"href":"https:\/\/elfaroonline.com.ar\/index.php\/wp-json\/wp\/v2\/media\/1602"}],"wp:attachment":[{"href":"https:\/\/elfaroonline.com.ar\/index.php\/wp-json\/wp\/v2\/media?parent=1601"}],"wp:term":[{"taxonomy":"category","embeddable":true,"href":"https:\/\/elfaroonline.com.ar\/index.php\/wp-json\/wp\/v2\/categories?post=1601"},{"taxonomy":"post_tag","embeddable":true,"href":"https:\/\/elfaroonline.com.ar\/index.php\/wp-json\/wp\/v2\/tags?post=1601"}],"curies":[{"name":"wp","href":"https:\/\/api.w.org\/{rel}","templated":true}]}}