{"id":1604,"date":"2024-08-05T20:13:34","date_gmt":"2024-08-05T23:13:34","guid":{"rendered":"https:\/\/elfaroonline.com.ar\/?p=1604"},"modified":"2024-08-05T20:13:34","modified_gmt":"2024-08-05T23:13:34","slug":"el-incremento-de-regalias-mineras-y-la-adhesion-al-rigi-temas-centrales-de-la-agenda-legislativa","status":"publish","type":"post","link":"https:\/\/elfaroonline.com.ar\/index.php\/2024\/08\/05\/el-incremento-de-regalias-mineras-y-la-adhesion-al-rigi-temas-centrales-de-la-agenda-legislativa\/","title":{"rendered":"El incremento de regal\u00edas mineras y la adhesi\u00f3n al RIGI, temas centrales de la agenda legislativa"},"content":{"rendered":"<p class=\"v1MsoNormal\">En Casa de Gobierno, el gobernador Ra\u00fal Jalil se reuni\u00f3 con diputados y senadores del bloque de Uni\u00f3n por la Patria para analizar y acordar las prioridades legislativas para el segundo semestre del a\u00f1o.<\/p>\n<p class=\"v1MsoNormal\">Durante la reuni\u00f3n, se analiz\u00f3 la actividad legislativa hasta la fecha y se abordaron diversas iniciativas pendientes, incluyendo la adhesi\u00f3n de la provincia al R\u00e9gimen de Incentivo de Grandes Inversiones (RIGI), el blanqueo de capitales y el aumento del porcentaje de Regal\u00edas Mineras (del 3% al 5% para nuevos proyectos a radicarse).<\/p>\n<p class=\"v1MsoNormal\">Gustavo Aguirre, presidente del bloque de Uni\u00f3n por la Patria en Diputados, detall\u00f3 los temas tratados con el mandatario y parte del gabinete gubernamental. Subray\u00f3 que se analiz\u00f3 la agenda legislativa para el segundo semestre del a\u00f1o, con un \u00e9nfasis en la adhesi\u00f3n provincial al RIGI, incorporado en la Ley de Bases. Los legisladores tuvieron la oportunidad de aclarar dudas y hacer consultas al equipo Ejecutivo.<\/p>\n<p class=\"v1MsoNormal\">&#8220;El Gobierno tiene la decisi\u00f3n pol\u00edtica de que la provincia se adhiera al RIGI y nosotros, como bloque responsable de gobernar la provincia, estamos evaluando esta medida&#8221;, afirm\u00f3 Aguirre. Tambi\u00e9n destac\u00f3 la importancia de proteger los intereses de Catamarca, asegurando que se enfocar\u00e1 en la participaci\u00f3n de la mano de obra local en los proyectos venideros y garantizando que no se cedan competencias ni jurisdicci\u00f3n catamarque\u00f1a.<\/p>\n<p class=\"v1MsoNormal\">Aguirre adelant\u00f3 que se iniciar\u00e1n consultas y an\u00e1lisis en la Comisi\u00f3n de Legislaci\u00f3n General de Diputados este martes, con la visita prevista de Fernando \u00c1vila, ministro de Gobierno, Justicia y Derechos Humanos; Alejandra Nazareno, ministra de Econom\u00eda; y Nicol\u00e1s Rosales Matienzo, asesor General de Gobierno.<\/p>\n<p class=\"v1MsoNormal\">\n<p class=\"v1MsoNormal\">Por su parte, el senador por Capital, Ram\u00f3n Figueroa Castellanos, describi\u00f3 la reuni\u00f3n como un encuentro de trabajo donde se aclararon dudas y se realizaron consultas t\u00e9cnicas al equipo de Gobierno. &#8220;Buscamos respuestas con libertad y, sobre todo, tener la posici\u00f3n clara del Ejecutivo&#8221;, enfatiz\u00f3. Adem\u00e1s, anunci\u00f3 que el jueves comenzar\u00e1 el proceso de estudio legislativo del RIGI en el Senado Provincial.<\/p>\n","protected":false},"excerpt":{"rendered":"<p>En Casa de Gobierno, el gobernador Ra\u00fal Jalil se reuni\u00f3 con diputados y senadores del bloque de Uni\u00f3n por la Patria para analizar y acordar las prioridades legislativas para el segundo semestre del a\u00f1o. Durante la reuni\u00f3n, se analiz\u00f3 la actividad legislativa hasta la fecha y se abordaron diversas iniciativas pendientes, incluyendo la adhesi\u00f3n de [&hellip;]<\/p>\n","protected":false},"author":2,"featured_media":1605,"comment_status":"open","ping_status":"open","sticky":false,"template":"","format":"standard","meta":{"footnotes":""},"categories":[23,21],"tags":[],"class_list":{"0":"post-1604","1":"post","2":"type-post","3":"status-publish","4":"format-standard","5":"has-post-thumbnail","7":"category-destacados","8":"category-politica"},"aioseo_notices":[],"_links":{"self":[{"href":"https:\/\/elfaroonline.com.ar\/index.php\/wp-json\/wp\/v2\/posts\/1604","targetHints":{"allow":["GET"]}}],"collection":[{"href":"https:\/\/elfaroonline.com.ar\/index.php\/wp-json\/wp\/v2\/posts"}],"about":[{"href":"https:\/\/elfaroonline.com.ar\/index.php\/wp-json\/wp\/v2\/types\/post"}],"author":[{"embeddable":true,"href":"https:\/\/elfaroonline.com.ar\/index.php\/wp-json\/wp\/v2\/users\/2"}],"replies":[{"embeddable":true,"href":"https:\/\/elfaroonline.com.ar\/index.php\/wp-json\/wp\/v2\/comments?post=1604"}],"version-history":[{"count":1,"href":"https:\/\/elfaroonline.com.ar\/index.php\/wp-json\/wp\/v2\/posts\/1604\/revisions"}],"predecessor-version":[{"id":1606,"href":"https:\/\/elfaroonline.com.ar\/index.php\/wp-json\/wp\/v2\/posts\/1604\/revisions\/1606"}],"wp:featuredmedia":[{"embeddable":true,"href":"https:\/\/elfaroonline.com.ar\/index.php\/wp-json\/wp\/v2\/media\/1605"}],"wp:attachment":[{"href":"https:\/\/elfaroonline.com.ar\/index.php\/wp-json\/wp\/v2\/media?parent=1604"}],"wp:term":[{"taxonomy":"category","embeddable":true,"href":"https:\/\/elfaroonline.com.ar\/index.php\/wp-json\/wp\/v2\/categories?post=1604"},{"taxonomy":"post_tag","embeddable":true,"href":"https:\/\/elfaroonline.com.ar\/index.php\/wp-json\/wp\/v2\/tags?post=1604"}],"curies":[{"name":"wp","href":"https:\/\/api.w.org\/{rel}","templated":true}]}}