{"id":1607,"date":"2024-08-05T20:15:52","date_gmt":"2024-08-05T23:15:52","guid":{"rendered":"https:\/\/elfaroonline.com.ar\/?p=1607"},"modified":"2024-08-05T20:15:52","modified_gmt":"2024-08-05T23:15:52","slug":"la-caja-de-credito-y-prestaciones-otorga-financiamiento-a-la-unca-para-la-adquisicion-de-un-inmueble","status":"publish","type":"post","link":"https:\/\/elfaroonline.com.ar\/index.php\/2024\/08\/05\/la-caja-de-credito-y-prestaciones-otorga-financiamiento-a-la-unca-para-la-adquisicion-de-un-inmueble\/","title":{"rendered":"La Caja de Cr\u00e9dito y Prestaciones otorga financiamiento a la UNCa para la adquisici\u00f3n de un inmueble"},"content":{"rendered":"<p class=\"v1MsoNormal\">El gobernador Ra\u00fal Jalil particip\u00f3, esta ma\u00f1ana, junto a autoridades de la Caja de Cr\u00e9ditos y Prestaciones Sociales de la provincia y de la Universidad Nacional de Catamarca de la r\u00fabrica de un convenio para brindar recursos financieros (adquisici\u00f3n de un inmueble) que tendr\u00e1n como finalidad optimizar el funcionamiento administrativo y educativo de la UNCa.<\/p>\n<p class=\"v1MsoNormal\">El acuerdo establece que la Caja de Cr\u00e9dito y Prestaciones Sociales otorgar\u00e1 un pr\u00e9stamo por una suma prevista en $260 millones de pesos que ser\u00e1n destinados para la adquisici\u00f3n, por parte de la Casa de Altos Estudios catamarque\u00f1a, de un inmueble ubicado sobre calle Esqui\u00fa, el cual ser\u00e1 destinado para el funcionamiento de oficinas administrativas y un sal\u00f3n de uso m\u00faltiple.<\/p>\n<p class=\"v1MsoNormal\">La ceremonia se desarroll\u00f3 en instalaciones del organismo provincial y cont\u00f3 con la presencia, adem\u00e1s del mandatario provincial, de los integrantes del directorio que conforman la Caja de Cr\u00e9ditos encabezados por su presidenta Daniela D\u00edaz, los directores Maximiliano Rivera y Ariel Luna, y el rector de la Universidad catamarque\u00f1a, Oscar Arellano.<\/p>\n<p class=\"v1MsoNormal\"><b>Carrera de Medicina <\/b><\/p>\n<p class=\"v1MsoNormal\">Posteriormente, las autoridades provinciales y acad\u00e9micas efectuaron una visita a las instalaciones del ex Centro de Formaci\u00f3n Profesional N\u00b01, que se encuentra ubicado en el sector sur de la ciudad, a los efectos de constatar la proyecci\u00f3n de los trabajos que permitir\u00e1n el funcionamiento y desenvolvimiento de la carrera de Medicina en Catamarca.<\/p>\n<p class=\"v1MsoNormal\">Las renovaciones efectuadas en dicho espacio f\u00edsico han permitido que la Universidad Nacional de Catamarca ya se encuentre efectuando el dictado de clases de diferentes unidades acad\u00e9micas como son la Licenciatura en Enfermer\u00eda, Educaci\u00f3n F\u00edsica, Licenciatura en Nutrici\u00f3n y acciones vinculadas a la tarea de extensi\u00f3n universitaria, todas dependientes de la Facultad de Ciencias de la Salud.<\/p>\n<p class=\"v1MsoNormal\">De acuerdo a lo proyectado, las nuevas ampliaciones que se estipulan materializar en el establecimiento educativo posibilitar\u00e1, entre otros aspectos, generar los espacios necesarios y adecuados para el pr\u00f3ximo dictado de la carrera de Medicina, un aspecto muy anhelado por la comunidad de Catamarca, que se encuentra en un estado avanzado para su aprobaci\u00f3n.<\/p>\n","protected":false},"excerpt":{"rendered":"<p>El gobernador Ra\u00fal Jalil particip\u00f3, esta ma\u00f1ana, junto a autoridades de la Caja de Cr\u00e9ditos y Prestaciones Sociales de la provincia y de la Universidad Nacional de Catamarca de la r\u00fabrica de un convenio para brindar recursos financieros (adquisici\u00f3n de un inmueble) que tendr\u00e1n como finalidad optimizar el funcionamiento administrativo y educativo de la UNCa. [&hellip;]<\/p>\n","protected":false},"author":2,"featured_media":1608,"comment_status":"open","ping_status":"open","sticky":false,"template":"","format":"standard","meta":{"footnotes":""},"categories":[23,20],"tags":[],"class_list":{"0":"post-1607","1":"post","2":"type-post","3":"status-publish","4":"format-standard","5":"has-post-thumbnail","7":"category-destacados","8":"category-sociedad"},"aioseo_notices":[],"_links":{"self":[{"href":"https:\/\/elfaroonline.com.ar\/index.php\/wp-json\/wp\/v2\/posts\/1607","targetHints":{"allow":["GET"]}}],"collection":[{"href":"https:\/\/elfaroonline.com.ar\/index.php\/wp-json\/wp\/v2\/posts"}],"about":[{"href":"https:\/\/elfaroonline.com.ar\/index.php\/wp-json\/wp\/v2\/types\/post"}],"author":[{"embeddable":true,"href":"https:\/\/elfaroonline.com.ar\/index.php\/wp-json\/wp\/v2\/users\/2"}],"replies":[{"embeddable":true,"href":"https:\/\/elfaroonline.com.ar\/index.php\/wp-json\/wp\/v2\/comments?post=1607"}],"version-history":[{"count":1,"href":"https:\/\/elfaroonline.com.ar\/index.php\/wp-json\/wp\/v2\/posts\/1607\/revisions"}],"predecessor-version":[{"id":1609,"href":"https:\/\/elfaroonline.com.ar\/index.php\/wp-json\/wp\/v2\/posts\/1607\/revisions\/1609"}],"wp:featuredmedia":[{"embeddable":true,"href":"https:\/\/elfaroonline.com.ar\/index.php\/wp-json\/wp\/v2\/media\/1608"}],"wp:attachment":[{"href":"https:\/\/elfaroonline.com.ar\/index.php\/wp-json\/wp\/v2\/media?parent=1607"}],"wp:term":[{"taxonomy":"category","embeddable":true,"href":"https:\/\/elfaroonline.com.ar\/index.php\/wp-json\/wp\/v2\/categories?post=1607"},{"taxonomy":"post_tag","embeddable":true,"href":"https:\/\/elfaroonline.com.ar\/index.php\/wp-json\/wp\/v2\/tags?post=1607"}],"curies":[{"name":"wp","href":"https:\/\/api.w.org\/{rel}","templated":true}]}}