{"id":1610,"date":"2024-08-05T20:18:04","date_gmt":"2024-08-05T23:18:04","guid":{"rendered":"https:\/\/elfaroonline.com.ar\/?p=1610"},"modified":"2024-08-05T20:18:04","modified_gmt":"2024-08-05T23:18:04","slug":"diputados-recibio-al-asesor-general-de-gobierno","status":"publish","type":"post","link":"https:\/\/elfaroonline.com.ar\/index.php\/2024\/08\/05\/diputados-recibio-al-asesor-general-de-gobierno\/","title":{"rendered":"Diputados recibi\u00f3 al Asesor General de Gobierno"},"content":{"rendered":"<p dir=\"ltr\">La comisi\u00f3n de Legislaci\u00f3n General, presidida por Natalia Ponferrada, llev\u00f3 adelante un an\u00e1lisis exhaustivo al proyecto del Ejecutivo que propone la modificaci\u00f3n del C\u00f3digo de Procedimientos Administrativos (Ley N\u00b0 3.559) recibiendo para ello al asesor general de Gobierno, Nicol\u00e1s Rosales Matienzo. El funcionario explic\u00f3 que los cambios propuestos apuntan a la simplificaci\u00f3n y la modernizaci\u00f3n administrativa para superar obst\u00e1culos como la distancia, la falta de accesibilidad a los servicios, la mora y la excesiva burocracia.<\/p>\n<p>&nbsp;<\/p>\n<p dir=\"ltr\">Tras el encuentro, Matienzo cont\u00f3 que le expuso a las y los integrantes de la Comisi\u00f3n las modificaciones a la ley que se encuentra vigente desde 1983. &#8220;Las reformas buscan aumentar la transparencia y las garant\u00edas para los ciudadanos, acortando plazos para el Estado y extendiendo el de los administrados&#8221; dijo para comentar que los cambios incluyen aspectos sobre decisiones automatizadas e inteligencia artificial. &#8220;La reuni\u00f3n fue productiva, se pudo aclarar dudas y se destac\u00f3 la necesidad de un procedimiento m\u00e1s \u00e1gil y eficiente&#8221; resumi\u00f3 la reuni\u00f3n el funcionario del Ejecutivo.<\/p>\n<p>&nbsp;<\/p>\n<p dir=\"ltr\">Por otra parte, la Comisi\u00f3n emiti\u00f3 un despacho favorable y unific\u00f3 los proyectos de Tiago Puente, Hern\u00e1n D\u00edaz, M\u00f3nica Zalazar y del senador Jos\u00e9 Luis Mart\u00ednez cuyo objetivo es en beneficio de los bomberos voluntarios. Tres de estas iniciativas proponen la adhesi\u00f3n de Catamarca a la Ley N\u00b0 27.629, lo que permitir\u00e1 a las entidades contar con un tratamiento tarifario especial gratuito para servicios p\u00fablicos, vivienda y seguros por accidentes para los bomberos.<\/p>\n","protected":false},"excerpt":{"rendered":"<p>La comisi\u00f3n de Legislaci\u00f3n General, presidida por Natalia Ponferrada, llev\u00f3 adelante un an\u00e1lisis exhaustivo al proyecto del Ejecutivo que propone la modificaci\u00f3n del C\u00f3digo de Procedimientos Administrativos (Ley N\u00b0 3.559) recibiendo para ello al asesor general de Gobierno, Nicol\u00e1s Rosales Matienzo. El funcionario explic\u00f3 que los cambios propuestos apuntan a la simplificaci\u00f3n y la modernizaci\u00f3n [&hellip;]<\/p>\n","protected":false},"author":2,"featured_media":1611,"comment_status":"open","ping_status":"open","sticky":false,"template":"","format":"standard","meta":{"footnotes":""},"categories":[23,21],"tags":[],"class_list":{"0":"post-1610","1":"post","2":"type-post","3":"status-publish","4":"format-standard","5":"has-post-thumbnail","7":"category-destacados","8":"category-politica"},"aioseo_notices":[],"_links":{"self":[{"href":"https:\/\/elfaroonline.com.ar\/index.php\/wp-json\/wp\/v2\/posts\/1610","targetHints":{"allow":["GET"]}}],"collection":[{"href":"https:\/\/elfaroonline.com.ar\/index.php\/wp-json\/wp\/v2\/posts"}],"about":[{"href":"https:\/\/elfaroonline.com.ar\/index.php\/wp-json\/wp\/v2\/types\/post"}],"author":[{"embeddable":true,"href":"https:\/\/elfaroonline.com.ar\/index.php\/wp-json\/wp\/v2\/users\/2"}],"replies":[{"embeddable":true,"href":"https:\/\/elfaroonline.com.ar\/index.php\/wp-json\/wp\/v2\/comments?post=1610"}],"version-history":[{"count":1,"href":"https:\/\/elfaroonline.com.ar\/index.php\/wp-json\/wp\/v2\/posts\/1610\/revisions"}],"predecessor-version":[{"id":1612,"href":"https:\/\/elfaroonline.com.ar\/index.php\/wp-json\/wp\/v2\/posts\/1610\/revisions\/1612"}],"wp:featuredmedia":[{"embeddable":true,"href":"https:\/\/elfaroonline.com.ar\/index.php\/wp-json\/wp\/v2\/media\/1611"}],"wp:attachment":[{"href":"https:\/\/elfaroonline.com.ar\/index.php\/wp-json\/wp\/v2\/media?parent=1610"}],"wp:term":[{"taxonomy":"category","embeddable":true,"href":"https:\/\/elfaroonline.com.ar\/index.php\/wp-json\/wp\/v2\/categories?post=1610"},{"taxonomy":"post_tag","embeddable":true,"href":"https:\/\/elfaroonline.com.ar\/index.php\/wp-json\/wp\/v2\/tags?post=1610"}],"curies":[{"name":"wp","href":"https:\/\/api.w.org\/{rel}","templated":true}]}}