{"id":1613,"date":"2024-08-05T20:20:30","date_gmt":"2024-08-05T23:20:30","guid":{"rendered":"https:\/\/elfaroonline.com.ar\/?p=1613"},"modified":"2024-08-05T20:20:30","modified_gmt":"2024-08-05T23:20:30","slug":"el-gobierno-inicio-la-reconstruccion-del-puente-sobre-rio-las-juntas","status":"publish","type":"post","link":"https:\/\/elfaroonline.com.ar\/index.php\/2024\/08\/05\/el-gobierno-inicio-la-reconstruccion-del-puente-sobre-rio-las-juntas\/","title":{"rendered":"El Gobierno inici\u00f3 la reconstrucci\u00f3n del puente sobre R\u00edo Las Juntas"},"content":{"rendered":"<p class=\"v1MsoNormal\">Hace poco m\u00e1s de una semana iniciaron los trabajos de reconstrucci\u00f3n del puente sobre el R\u00edo Las Juntas, en la localidad ambate\u00f1a. Durante su visita a la villa veraniega, el gobernador Ra\u00fal Jalil junto al intendente Jorge Herrera y los ministros Fernando \u00c1vila (Gobierno, Justicia y Derechos Humanos) y Fabiola Segura (Seguridad), recorri\u00f3 la zona donde se est\u00e1 ejecutando la obra.<\/p>\n<p class=\"v1MsoNormal\">El puente fue arrasado a finales del a\u00f1o pasado tras una gran crecida. Ante la importancia que reviste para la circulaci\u00f3n de los habitantes de Las Juntas dicho puente, el Gobierno licit\u00f3 en junio pasado la obra y hace pocos d\u00edas iniciaron los trabajos.<\/p>\n<p class=\"v1MsoNormal\">El nuevo puente tendr\u00e1 aproximadamente 25m de largo por 8m de ancho y contar\u00e1 con veredas peatonales, accesos, entre otras intervenciones. Adem\u00e1s, las obras incluir\u00e1n defensas sobre el cauce del r\u00edo, tanto aguas arriba como aguas abajo, utilizando un sistema combinado de gaviones y colchonetas de piedra embolsada, con el objetivo de proteger la infraestructura y asegurar la estabilidad del puente frente a posibles nuevas crecidas del r\u00edo.<\/p>\n<p class=\"v1MsoNormal\">&#8220;Estamos muy contentos de que se haya podido iniciar con esta obra. El Gobernador la hizo posible despu\u00e9s de la cat\u00e1strofe que tuvimos en diciembre&#8221;, manifest\u00f3 el intendente de Las Juntas, <b>Jorge Herrera<\/b>, quien remarc\u00f3 que &#8220;el pueblo est\u00e1 muy feliz de ver que est\u00e1n reconstruyendo este puente tan importante para la circulaci\u00f3n vial de todos los junte\u00f1os y turistas&#8221;. Se prev\u00e9 que las obras est\u00e9n concluidas a fines de diciembre de 2024 o principios de 2025.<\/p>\n<p class=\"v1MsoNormal\">En materia de puentes, el Gobierno provincial tiene avanzadas las obras de los puentes en San Jos\u00e9 (Santa Mar\u00eda) y sobre R\u00edo Los \u00c1rboles en Fiambal\u00e1 (puente que permitir\u00e1 una conexi\u00f3n segura permanente ante crecidas con el Complejo Termal), los cuales se espera est\u00e9n concluidos y sean inaugurados en las pr\u00f3ximas semanas.<\/p>\n","protected":false},"excerpt":{"rendered":"<p>Hace poco m\u00e1s de una semana iniciaron los trabajos de reconstrucci\u00f3n del puente sobre el R\u00edo Las Juntas, en la localidad ambate\u00f1a. Durante su visita a la villa veraniega, el gobernador Ra\u00fal Jalil junto al intendente Jorge Herrera y los ministros Fernando \u00c1vila (Gobierno, Justicia y Derechos Humanos) y Fabiola Segura (Seguridad), recorri\u00f3 la zona [&hellip;]<\/p>\n","protected":false},"author":2,"featured_media":1614,"comment_status":"open","ping_status":"open","sticky":false,"template":"","format":"standard","meta":{"footnotes":""},"categories":[20],"tags":[],"class_list":{"0":"post-1613","1":"post","2":"type-post","3":"status-publish","4":"format-standard","5":"has-post-thumbnail","7":"category-sociedad"},"aioseo_notices":[],"_links":{"self":[{"href":"https:\/\/elfaroonline.com.ar\/index.php\/wp-json\/wp\/v2\/posts\/1613","targetHints":{"allow":["GET"]}}],"collection":[{"href":"https:\/\/elfaroonline.com.ar\/index.php\/wp-json\/wp\/v2\/posts"}],"about":[{"href":"https:\/\/elfaroonline.com.ar\/index.php\/wp-json\/wp\/v2\/types\/post"}],"author":[{"embeddable":true,"href":"https:\/\/elfaroonline.com.ar\/index.php\/wp-json\/wp\/v2\/users\/2"}],"replies":[{"embeddable":true,"href":"https:\/\/elfaroonline.com.ar\/index.php\/wp-json\/wp\/v2\/comments?post=1613"}],"version-history":[{"count":1,"href":"https:\/\/elfaroonline.com.ar\/index.php\/wp-json\/wp\/v2\/posts\/1613\/revisions"}],"predecessor-version":[{"id":1615,"href":"https:\/\/elfaroonline.com.ar\/index.php\/wp-json\/wp\/v2\/posts\/1613\/revisions\/1615"}],"wp:featuredmedia":[{"embeddable":true,"href":"https:\/\/elfaroonline.com.ar\/index.php\/wp-json\/wp\/v2\/media\/1614"}],"wp:attachment":[{"href":"https:\/\/elfaroonline.com.ar\/index.php\/wp-json\/wp\/v2\/media?parent=1613"}],"wp:term":[{"taxonomy":"category","embeddable":true,"href":"https:\/\/elfaroonline.com.ar\/index.php\/wp-json\/wp\/v2\/categories?post=1613"},{"taxonomy":"post_tag","embeddable":true,"href":"https:\/\/elfaroonline.com.ar\/index.php\/wp-json\/wp\/v2\/tags?post=1613"}],"curies":[{"name":"wp","href":"https:\/\/api.w.org\/{rel}","templated":true}]}}