{"id":1616,"date":"2024-08-05T20:22:40","date_gmt":"2024-08-05T23:22:40","guid":{"rendered":"https:\/\/elfaroonline.com.ar\/?p=1616"},"modified":"2024-08-05T20:22:40","modified_gmt":"2024-08-05T23:22:40","slug":"culmino-el-operativo-en-el-incendio-de-las-juntas","status":"publish","type":"post","link":"https:\/\/elfaroonline.com.ar\/index.php\/2024\/08\/05\/culmino-el-operativo-en-el-incendio-de-las-juntas\/","title":{"rendered":"Culmin\u00f3 el operativo en el incendio de Las Juntas"},"content":{"rendered":"<p class=\"v1MsoNormal\">Tras tres d\u00edas de arduo y coordinado trabajo, se ha logrado contener el incendio que afect\u00f3 aproximadamente m\u00e1s de 650 hect\u00e1reas en la Localidad de Las Juntas. El operativo, llevado a cabo por un conjunto de organismos y personal altamente comprometido, estuvo encabezado por la Brigada de Incendios Forestales y la participaci\u00f3n de Protecci\u00f3n Civil, Bomberos Voluntarios, Bomberos de la Polic\u00eda, baqueanos, personal municipal, la Polic\u00eda de la Provincia y el Servicio Penitenciario Provincial.<\/p>\n<p class=\"v1MsoNormal\">Durante estas jornadas los equipos trabajaron incansablemente en condiciones adversas, enfrentando el dif\u00edcil terreno y las altas temperaturas. Gracias a su esfuerzo y profesionalismo, se logr\u00f3 evitar que las llamas se extendieran a\u00fan m\u00e1s, protegiendo vidas y propiedades. Adem\u00e1s, las autoridades provinciales y locales han mostrado un gran apoyo y cooperaci\u00f3n, facilitando las tareas de control y log\u00edstica.<\/p>\n<p class=\"v1MsoNormal\">Aunque el incendio ha sido contenido, el personal especializado continuar\u00e1 con tareas de monitoreo y vigilancia en la zona afectada. Estas labores son cruciales para garantizar que el fuego no se reactive y para declarar el \u00e1rea completamente segura. Se realizar\u00e1n evaluaciones continuas del terreno y se tomar\u00e1n las medidas necesarias para evitar posibles rebrotes.<\/p>\n","protected":false},"excerpt":{"rendered":"<p>Tras tres d\u00edas de arduo y coordinado trabajo, se ha logrado contener el incendio que afect\u00f3 aproximadamente m\u00e1s de 650 hect\u00e1reas en la Localidad de Las Juntas. El operativo, llevado a cabo por un conjunto de organismos y personal altamente comprometido, estuvo encabezado por la Brigada de Incendios Forestales y la participaci\u00f3n de Protecci\u00f3n Civil, [&hellip;]<\/p>\n","protected":false},"author":2,"featured_media":1618,"comment_status":"open","ping_status":"open","sticky":false,"template":"","format":"standard","meta":{"footnotes":""},"categories":[27],"tags":[],"class_list":{"0":"post-1616","1":"post","2":"type-post","3":"status-publish","4":"format-standard","5":"has-post-thumbnail","7":"category-policiales"},"aioseo_notices":[],"_links":{"self":[{"href":"https:\/\/elfaroonline.com.ar\/index.php\/wp-json\/wp\/v2\/posts\/1616","targetHints":{"allow":["GET"]}}],"collection":[{"href":"https:\/\/elfaroonline.com.ar\/index.php\/wp-json\/wp\/v2\/posts"}],"about":[{"href":"https:\/\/elfaroonline.com.ar\/index.php\/wp-json\/wp\/v2\/types\/post"}],"author":[{"embeddable":true,"href":"https:\/\/elfaroonline.com.ar\/index.php\/wp-json\/wp\/v2\/users\/2"}],"replies":[{"embeddable":true,"href":"https:\/\/elfaroonline.com.ar\/index.php\/wp-json\/wp\/v2\/comments?post=1616"}],"version-history":[{"count":1,"href":"https:\/\/elfaroonline.com.ar\/index.php\/wp-json\/wp\/v2\/posts\/1616\/revisions"}],"predecessor-version":[{"id":1619,"href":"https:\/\/elfaroonline.com.ar\/index.php\/wp-json\/wp\/v2\/posts\/1616\/revisions\/1619"}],"wp:featuredmedia":[{"embeddable":true,"href":"https:\/\/elfaroonline.com.ar\/index.php\/wp-json\/wp\/v2\/media\/1618"}],"wp:attachment":[{"href":"https:\/\/elfaroonline.com.ar\/index.php\/wp-json\/wp\/v2\/media?parent=1616"}],"wp:term":[{"taxonomy":"category","embeddable":true,"href":"https:\/\/elfaroonline.com.ar\/index.php\/wp-json\/wp\/v2\/categories?post=1616"},{"taxonomy":"post_tag","embeddable":true,"href":"https:\/\/elfaroonline.com.ar\/index.php\/wp-json\/wp\/v2\/tags?post=1616"}],"curies":[{"name":"wp","href":"https:\/\/api.w.org\/{rel}","templated":true}]}}