{"id":1620,"date":"2024-08-05T20:25:24","date_gmt":"2024-08-05T23:25:24","guid":{"rendered":"https:\/\/elfaroonline.com.ar\/?p=1620"},"modified":"2024-08-05T20:25:24","modified_gmt":"2024-08-05T23:25:24","slug":"en-agosto-empleados-publicos-cobraran-9-mas-y-el-bono-de-50-000-como-remunerativo","status":"publish","type":"post","link":"https:\/\/elfaroonline.com.ar\/index.php\/2024\/08\/05\/en-agosto-empleados-publicos-cobraran-9-mas-y-el-bono-de-50-000-como-remunerativo\/","title":{"rendered":"En agosto, empleados p\u00fablicos cobrar\u00e1n 9% m\u00e1s y el bono de $50.000 como remunerativo"},"content":{"rendered":"<p class=\"v1MsoNormal\">La ministra de Trabajo, Planificaci\u00f3n y Recursos Humanos, Ver\u00f3nica Soria, explic\u00f3 el aumento salarial que tendr\u00e1n los empleados p\u00fablicos en los haberes de julio.<\/p>\n<p class=\"v1MsoNormal\">En l\u00ednea con el \u00edndice de inflaci\u00f3n bimestral de mayo-junio, &#8220;como se defini\u00f3 en el di\u00e1logo paritario meses atr\u00e1s&#8221;, la actualizaci\u00f3n bimestral ser\u00e1 de un 9% (sobre los haberes de julio a cobrar en agosto) para todos los empleados de la administraci\u00f3n p\u00fablica provincial.<\/p>\n<p class=\"v1MsoNormal\">Adem\u00e1s, tal como se acord\u00f3 en la \u00faltima reuni\u00f3n con los gremios UPCN, ATE y Vialidad Provincial, los empleados de la administraci\u00f3n &#8220;percibir\u00e1n en sus haberes el bono de $50.000 establecido en la paritaria salarial junto con el salario de julio. Este bono queda incorporado al sueldo como un concepto remunerativo que se suma al haber m\u00ednimo&#8221;, confirm\u00f3 la ministra.<\/p>\n<p class=\"v1MsoNormal\">\n<p class=\"v1MsoNormal\">Los haberes se acreditar\u00e1n la pr\u00f3xima semana de acuerdo a este cronograma: martes 6 de agosto los organismos de la Administraci\u00f3n P\u00fablica y mi\u00e9rcoles 7 de agosto los docentes en todas sus terminaciones.<\/p>\n","protected":false},"excerpt":{"rendered":"<p>La ministra de Trabajo, Planificaci\u00f3n y Recursos Humanos, Ver\u00f3nica Soria, explic\u00f3 el aumento salarial que tendr\u00e1n los empleados p\u00fablicos en los haberes de julio. En l\u00ednea con el \u00edndice de inflaci\u00f3n bimestral de mayo-junio, &#8220;como se defini\u00f3 en el di\u00e1logo paritario meses atr\u00e1s&#8221;, la actualizaci\u00f3n bimestral ser\u00e1 de un 9% (sobre los haberes de julio [&hellip;]<\/p>\n","protected":false},"author":2,"featured_media":1621,"comment_status":"open","ping_status":"open","sticky":false,"template":"","format":"standard","meta":{"footnotes":""},"categories":[21],"tags":[],"class_list":{"0":"post-1620","1":"post","2":"type-post","3":"status-publish","4":"format-standard","5":"has-post-thumbnail","7":"category-politica"},"aioseo_notices":[],"_links":{"self":[{"href":"https:\/\/elfaroonline.com.ar\/index.php\/wp-json\/wp\/v2\/posts\/1620","targetHints":{"allow":["GET"]}}],"collection":[{"href":"https:\/\/elfaroonline.com.ar\/index.php\/wp-json\/wp\/v2\/posts"}],"about":[{"href":"https:\/\/elfaroonline.com.ar\/index.php\/wp-json\/wp\/v2\/types\/post"}],"author":[{"embeddable":true,"href":"https:\/\/elfaroonline.com.ar\/index.php\/wp-json\/wp\/v2\/users\/2"}],"replies":[{"embeddable":true,"href":"https:\/\/elfaroonline.com.ar\/index.php\/wp-json\/wp\/v2\/comments?post=1620"}],"version-history":[{"count":1,"href":"https:\/\/elfaroonline.com.ar\/index.php\/wp-json\/wp\/v2\/posts\/1620\/revisions"}],"predecessor-version":[{"id":1622,"href":"https:\/\/elfaroonline.com.ar\/index.php\/wp-json\/wp\/v2\/posts\/1620\/revisions\/1622"}],"wp:featuredmedia":[{"embeddable":true,"href":"https:\/\/elfaroonline.com.ar\/index.php\/wp-json\/wp\/v2\/media\/1621"}],"wp:attachment":[{"href":"https:\/\/elfaroonline.com.ar\/index.php\/wp-json\/wp\/v2\/media?parent=1620"}],"wp:term":[{"taxonomy":"category","embeddable":true,"href":"https:\/\/elfaroonline.com.ar\/index.php\/wp-json\/wp\/v2\/categories?post=1620"},{"taxonomy":"post_tag","embeddable":true,"href":"https:\/\/elfaroonline.com.ar\/index.php\/wp-json\/wp\/v2\/tags?post=1620"}],"curies":[{"name":"wp","href":"https:\/\/api.w.org\/{rel}","templated":true}]}}