{"id":1623,"date":"2024-08-05T20:27:37","date_gmt":"2024-08-05T23:27:37","guid":{"rendered":"https:\/\/elfaroonline.com.ar\/?p=1623"},"modified":"2024-08-05T20:27:37","modified_gmt":"2024-08-05T23:27:37","slug":"se-entrego-el-auto-cero-kilometro-del-poncho-2024","status":"publish","type":"post","link":"https:\/\/elfaroonline.com.ar\/index.php\/2024\/08\/05\/se-entrego-el-auto-cero-kilometro-del-poncho-2024\/","title":{"rendered":"Se entreg\u00f3 el auto cero kil\u00f3metro del Poncho 2024"},"content":{"rendered":"<p>El Ministerio de Cultura, Turismo y Deporte de la provincia hizo entrega, del Fiat Cronos cero kil\u00f3metro que fue sorteado en la Fiesta Nacional e Internacional del Poncho 2024.<\/p>\n<p>De la mano del secretario de Deportes, Guillermo Perna y del director Provincial de Artesan\u00edas, Gonzalo Cancino, Alan Su\u00e1rez recibi\u00f3 las llaves del autom\u00f3vil en la concesionaria Oficial Fiat Ledian S.A.<\/p>\n<p>Alan cursa el 1\u00b0 a\u00f1o de la carrera de Relaciones Internacionales en la UNCA vive con sus padres y hermana en el barrio 70 viviendas norte de la capital provincial. Su familia no ten\u00eda auto, solo una moto 110 cc que justamente le hab\u00edan regalado para su cumple N\u00ba 18.<\/p>\n<p>El joven hab\u00eda comprado entradas para asistir a 6 de las 7 noches de festival. El cup\u00f3n que llen\u00f3 la noche del domingo 14 de julio fue el ganador.<\/p>\n<p>Como ya es tradici\u00f3n, la Fiesta del Poncho sortea todos los a\u00f1os un autom\u00f3vil 0 km, de Ledian Automotores, entre los asistentes a las distintas noches de festival que completan con sus datos en el cup\u00f3n que reciben al momento de ingresar al festival. El auto 0km se sorte\u00f3 la \u00faltima noche del festival, el domingo 21 de julio.<\/p>\n","protected":false},"excerpt":{"rendered":"<p>El Ministerio de Cultura, Turismo y Deporte de la provincia hizo entrega, del Fiat Cronos cero kil\u00f3metro que fue sorteado en la Fiesta Nacional e Internacional del Poncho 2024. De la mano del secretario de Deportes, Guillermo Perna y del director Provincial de Artesan\u00edas, Gonzalo Cancino, Alan Su\u00e1rez recibi\u00f3 las llaves del autom\u00f3vil en la [&hellip;]<\/p>\n","protected":false},"author":2,"featured_media":1624,"comment_status":"open","ping_status":"open","sticky":false,"template":"","format":"standard","meta":{"footnotes":""},"categories":[20],"tags":[],"class_list":{"0":"post-1623","1":"post","2":"type-post","3":"status-publish","4":"format-standard","5":"has-post-thumbnail","7":"category-sociedad"},"aioseo_notices":[],"_links":{"self":[{"href":"https:\/\/elfaroonline.com.ar\/index.php\/wp-json\/wp\/v2\/posts\/1623","targetHints":{"allow":["GET"]}}],"collection":[{"href":"https:\/\/elfaroonline.com.ar\/index.php\/wp-json\/wp\/v2\/posts"}],"about":[{"href":"https:\/\/elfaroonline.com.ar\/index.php\/wp-json\/wp\/v2\/types\/post"}],"author":[{"embeddable":true,"href":"https:\/\/elfaroonline.com.ar\/index.php\/wp-json\/wp\/v2\/users\/2"}],"replies":[{"embeddable":true,"href":"https:\/\/elfaroonline.com.ar\/index.php\/wp-json\/wp\/v2\/comments?post=1623"}],"version-history":[{"count":1,"href":"https:\/\/elfaroonline.com.ar\/index.php\/wp-json\/wp\/v2\/posts\/1623\/revisions"}],"predecessor-version":[{"id":1625,"href":"https:\/\/elfaroonline.com.ar\/index.php\/wp-json\/wp\/v2\/posts\/1623\/revisions\/1625"}],"wp:featuredmedia":[{"embeddable":true,"href":"https:\/\/elfaroonline.com.ar\/index.php\/wp-json\/wp\/v2\/media\/1624"}],"wp:attachment":[{"href":"https:\/\/elfaroonline.com.ar\/index.php\/wp-json\/wp\/v2\/media?parent=1623"}],"wp:term":[{"taxonomy":"category","embeddable":true,"href":"https:\/\/elfaroonline.com.ar\/index.php\/wp-json\/wp\/v2\/categories?post=1623"},{"taxonomy":"post_tag","embeddable":true,"href":"https:\/\/elfaroonline.com.ar\/index.php\/wp-json\/wp\/v2\/tags?post=1623"}],"curies":[{"name":"wp","href":"https:\/\/api.w.org\/{rel}","templated":true}]}}