{"id":1629,"date":"2024-08-05T20:41:38","date_gmt":"2024-08-05T23:41:38","guid":{"rendered":"https:\/\/elfaroonline.com.ar\/?p=1629"},"modified":"2024-08-05T20:41:38","modified_gmt":"2024-08-05T23:41:38","slug":"la-presentacion-de-marcelo-gallardo-en-su-regreso-a-river-plate-estoy-en-el-lugar-que-pertenezco","status":"publish","type":"post","link":"https:\/\/elfaroonline.com.ar\/index.php\/2024\/08\/05\/la-presentacion-de-marcelo-gallardo-en-su-regreso-a-river-plate-estoy-en-el-lugar-que-pertenezco\/","title":{"rendered":"La presentaci\u00f3n de Marcelo Gallardo en su regreso a River Plate: \u201cEstoy en el lugar que pertenezco\u201d"},"content":{"rendered":"<p>El Mu\u00f1eco comieza su segundo ciclo al frente del Millonario tras su salida a finales del 2022.<\/p>\n<p><b>\u201cEstoy en el lugar donde quiero estar\u201d<\/b>, mencion\u00f3 el Mu\u00f1eco, que volvi\u00f3 a pisar el campo de juego del estadio Monumental con su cuerpo t\u00e9cnico.<\/p>\n<p>Gallardo con una sonrisa en su regreso a River Plate tras su primera etapa gloriosa en el club. Estuvo ocho a\u00f1os y medio, se despidi\u00f3 a finales del 2022 y ahora firm\u00f3 su vuelta a N\u00fa\u00f1ez.<\/p>\n<p><b>\u201cEste es un desaf\u00edo muy grande para m\u00ed\u201d<\/b>, dijo el Mu\u00f1eco en su vuelta al Millonario.<\/p>\n<p><b>Su mensaje a los hinchas: <\/b>\u201cEn cada momento que lo han hecho sentir. Siempre mostraron much\u00edsimo amor y respeto. Se los quiero retribuir con que ellos se sientan identificados con el equipo. Ese es mi trabajo. M\u00e1s all\u00e1 del cari\u00f1o hacia m\u00ed, que sientan afecto hacia el equipo. Tenemos much\u00edsima ilusi\u00f3n y muchas ganas. Esperamos expresarlos en los partidos que se viene\u201d.<\/p>\n","protected":false},"excerpt":{"rendered":"<p>El Mu\u00f1eco comieza su segundo ciclo al frente del Millonario tras su salida a finales del 2022. \u201cEstoy en el lugar donde quiero estar\u201d, mencion\u00f3 el Mu\u00f1eco, que volvi\u00f3 a pisar el campo de juego del estadio Monumental con su cuerpo t\u00e9cnico. Gallardo con una sonrisa en su regreso a River Plate tras su primera [&hellip;]<\/p>\n","protected":false},"author":2,"featured_media":1630,"comment_status":"open","ping_status":"open","sticky":false,"template":"","format":"standard","meta":{"footnotes":""},"categories":[25],"tags":[],"class_list":{"0":"post-1629","1":"post","2":"type-post","3":"status-publish","4":"format-standard","5":"has-post-thumbnail","7":"category-deportes"},"aioseo_notices":[],"_links":{"self":[{"href":"https:\/\/elfaroonline.com.ar\/index.php\/wp-json\/wp\/v2\/posts\/1629","targetHints":{"allow":["GET"]}}],"collection":[{"href":"https:\/\/elfaroonline.com.ar\/index.php\/wp-json\/wp\/v2\/posts"}],"about":[{"href":"https:\/\/elfaroonline.com.ar\/index.php\/wp-json\/wp\/v2\/types\/post"}],"author":[{"embeddable":true,"href":"https:\/\/elfaroonline.com.ar\/index.php\/wp-json\/wp\/v2\/users\/2"}],"replies":[{"embeddable":true,"href":"https:\/\/elfaroonline.com.ar\/index.php\/wp-json\/wp\/v2\/comments?post=1629"}],"version-history":[{"count":1,"href":"https:\/\/elfaroonline.com.ar\/index.php\/wp-json\/wp\/v2\/posts\/1629\/revisions"}],"predecessor-version":[{"id":1631,"href":"https:\/\/elfaroonline.com.ar\/index.php\/wp-json\/wp\/v2\/posts\/1629\/revisions\/1631"}],"wp:featuredmedia":[{"embeddable":true,"href":"https:\/\/elfaroonline.com.ar\/index.php\/wp-json\/wp\/v2\/media\/1630"}],"wp:attachment":[{"href":"https:\/\/elfaroonline.com.ar\/index.php\/wp-json\/wp\/v2\/media?parent=1629"}],"wp:term":[{"taxonomy":"category","embeddable":true,"href":"https:\/\/elfaroonline.com.ar\/index.php\/wp-json\/wp\/v2\/categories?post=1629"},{"taxonomy":"post_tag","embeddable":true,"href":"https:\/\/elfaroonline.com.ar\/index.php\/wp-json\/wp\/v2\/tags?post=1629"}],"curies":[{"name":"wp","href":"https:\/\/api.w.org\/{rel}","templated":true}]}}