{"id":1645,"date":"2024-08-08T16:20:17","date_gmt":"2024-08-08T19:20:17","guid":{"rendered":"https:\/\/elfaroonline.com.ar\/?p=1645"},"modified":"2024-08-08T16:20:17","modified_gmt":"2024-08-08T19:20:17","slug":"extienden-el-plazo-para-reempadronarse-a-los-subsidios-de-gas-y-energia","status":"publish","type":"post","link":"https:\/\/elfaroonline.com.ar\/index.php\/2024\/08\/08\/extienden-el-plazo-para-reempadronarse-a-los-subsidios-de-gas-y-energia\/","title":{"rendered":"Extienden el plazo para reempadronarse a los subsidios de gas y energ\u00eda"},"content":{"rendered":"<p class=\"v1MsoNormal\">El gobernador Ra\u00fal Jalil recibi\u00f3 en Casa de Gobierno a Karina Mas, vicepresidenta de Aguas de Catamarca SAPEM; a Eduardo Cusillo, vicepresidente de Energ\u00eda de Catamarca SAPEM; y las autoridades del Ente Regulador de Servicios P\u00fablicos (ENRE), Augusto Acu\u00f1a y Roberto Perrota. El objetivo del encuentro fue dialogar sobre el proceso de reempadronamiento de usuarios para continuar accediendo al subsidio nacional en gas y energ\u00eda.<\/p>\n<p class=\"v1MsoNormal\">En la reuni\u00f3n se explic\u00f3 que el plazo para realizar el tr\u00e1mite de reempadronamiento se extendi\u00f3 hasta el 4 de septiembre. Por este motivo, se insta a la sociedad catamarque\u00f1a a completar la informaci\u00f3n requerida para no perder el beneficio del subsidio.<\/p>\n<p class=\"v1MsoNormal\">Si la inscripci\u00f3n no fue realizada se debe concretar el tr\u00e1mite en la p\u00e1gina <a href=\"http:\/\/www.argentina.gob.ar\/subsidios\" target=\"_blank\" rel=\"noopener noreferrer\">www.argentina.gob.ar\/subsidios<\/a>, en la secci\u00f3n que dice &#8220;Inscribirse al RASE&#8221;, y completar todos los formularios con los datos que se precisan. Compartimos un video instructivo con todos los pasos a seguir para la inscripci\u00f3n a los subsidios:<\/p>\n<p class=\"v1MsoNormal\"><a href=\"https:\/\/www.youtube.com\/watch?v=mmT7vFm8Pnc&amp;t=70s\" target=\"_blank\" rel=\"noopener noreferrer\">https:\/\/www.youtube.com\/watch?v=mmT7vFm8Pnc&amp;t=70s<\/a><\/p>\n<p class=\"v1MsoNormal\">En caso de no realizar el tr\u00e1mite, los incrementos en las tarifas de servicios p\u00fablicos podr\u00edan alcanzar hasta el 150%, de acuerdo con la pol\u00edtica implementada por el Gobierno nacional.<\/p>\n","protected":false},"excerpt":{"rendered":"<p>El gobernador Ra\u00fal Jalil recibi\u00f3 en Casa de Gobierno a Karina Mas, vicepresidenta de Aguas de Catamarca SAPEM; a Eduardo Cusillo, vicepresidente de Energ\u00eda de Catamarca SAPEM; y las autoridades del Ente Regulador de Servicios P\u00fablicos (ENRE), Augusto Acu\u00f1a y Roberto Perrota. El objetivo del encuentro fue dialogar sobre el proceso de reempadronamiento de usuarios [&hellip;]<\/p>\n","protected":false},"author":2,"featured_media":1646,"comment_status":"open","ping_status":"open","sticky":false,"template":"","format":"standard","meta":{"footnotes":""},"categories":[21],"tags":[],"class_list":{"0":"post-1645","1":"post","2":"type-post","3":"status-publish","4":"format-standard","5":"has-post-thumbnail","7":"category-politica"},"aioseo_notices":[],"_links":{"self":[{"href":"https:\/\/elfaroonline.com.ar\/index.php\/wp-json\/wp\/v2\/posts\/1645","targetHints":{"allow":["GET"]}}],"collection":[{"href":"https:\/\/elfaroonline.com.ar\/index.php\/wp-json\/wp\/v2\/posts"}],"about":[{"href":"https:\/\/elfaroonline.com.ar\/index.php\/wp-json\/wp\/v2\/types\/post"}],"author":[{"embeddable":true,"href":"https:\/\/elfaroonline.com.ar\/index.php\/wp-json\/wp\/v2\/users\/2"}],"replies":[{"embeddable":true,"href":"https:\/\/elfaroonline.com.ar\/index.php\/wp-json\/wp\/v2\/comments?post=1645"}],"version-history":[{"count":1,"href":"https:\/\/elfaroonline.com.ar\/index.php\/wp-json\/wp\/v2\/posts\/1645\/revisions"}],"predecessor-version":[{"id":1647,"href":"https:\/\/elfaroonline.com.ar\/index.php\/wp-json\/wp\/v2\/posts\/1645\/revisions\/1647"}],"wp:featuredmedia":[{"embeddable":true,"href":"https:\/\/elfaroonline.com.ar\/index.php\/wp-json\/wp\/v2\/media\/1646"}],"wp:attachment":[{"href":"https:\/\/elfaroonline.com.ar\/index.php\/wp-json\/wp\/v2\/media?parent=1645"}],"wp:term":[{"taxonomy":"category","embeddable":true,"href":"https:\/\/elfaroonline.com.ar\/index.php\/wp-json\/wp\/v2\/categories?post=1645"},{"taxonomy":"post_tag","embeddable":true,"href":"https:\/\/elfaroonline.com.ar\/index.php\/wp-json\/wp\/v2\/tags?post=1645"}],"curies":[{"name":"wp","href":"https:\/\/api.w.org\/{rel}","templated":true}]}}