{"id":1664,"date":"2024-08-08T17:35:39","date_gmt":"2024-08-08T20:35:39","guid":{"rendered":"https:\/\/elfaroonline.com.ar\/?p=1664"},"modified":"2024-08-08T17:35:39","modified_gmt":"2024-08-08T20:35:39","slug":"donald-trump-y-kamala-harris-debatiran-por-primera-vez-el-10-de-septiembre","status":"publish","type":"post","link":"https:\/\/elfaroonline.com.ar\/index.php\/2024\/08\/08\/donald-trump-y-kamala-harris-debatiran-por-primera-vez-el-10-de-septiembre\/","title":{"rendered":"Donald Trump y Kamala Harris debatir\u00e1n por primera vez el 10 de septiembre"},"content":{"rendered":"<p>En una conferencia de prensa, <b>Donald Trump<\/b> se comprometi\u00f3 a debatir con la vicepresidenta <b>Kamala Harris<\/b>, al tiempo que repiti\u00f3 viejas falsedades y arremeti\u00f3 contra las preguntas sobre el entusiasmo que est\u00e1 recibiendo su campa\u00f1a.<\/p>\n<p>Mientras Trump se dirig\u00eda a los periodistas en su finca de Palm Beach, Florida, la cadena <i>ABC <\/i>anunci\u00f3 que Trump y Harris, la candidata dem\u00f3crata, acordaron celebrar un debate presidencial el <b>10 de septiembre<\/b>, lo que marca un enfrentamiento muy esperado en una elecci\u00f3n presidencial sin precedentes. Trump dijo que hab\u00eda propuesto <b>tres debates presidenciales con tres cadenas de televisi\u00f3n<\/b> en septiembre.<\/p>\n<p class=\"paragraph\" data-mrf-recirculation=\"Links inline\">Trump volvi\u00f3 a insistir en que hubo una \u201ctransferencia pac\u00edfica del poder\u201d en 2021 y renov\u00f3 los ataques a rivales republicanos como el gobernador de Georgia, Brian Kemp, a quien Trump ha criticado duramente desde que Kemp se neg\u00f3 a apoyar sus falsas teor\u00edas de fraude electoral. Sin embargo, al responder m\u00e1s de una docena de preguntas de los periodistas, Trump intent\u00f3 establecer un contraste con Harris, quien no ha celebrado una conferencia de prensa desde que se convirti\u00f3 en la candidata dem\u00f3crata tras la retirada del presidente <b>Joe Biden<\/b> de la carrera.<\/p>\n<div class=\"news-module\" data-mrf-recirculation=\"IL_m3kiGo-8SVS6m0U7OqrZLw\" data-testid=\"text-html\" data-mrf-experience=\"IL_m3kiGo-8SVS6m0U7OqrZLw\">\n<div class=\"recommended-card__info\"><\/div>\n<\/div>\n","protected":false},"excerpt":{"rendered":"<p>En una conferencia de prensa, Donald Trump se comprometi\u00f3 a debatir con la vicepresidenta Kamala Harris, al tiempo que repiti\u00f3 viejas falsedades y arremeti\u00f3 contra las preguntas sobre el entusiasmo que est\u00e1 recibiendo su campa\u00f1a. Mientras Trump se dirig\u00eda a los periodistas en su finca de Palm Beach, Florida, la cadena ABC anunci\u00f3 que Trump [&hellip;]<\/p>\n","protected":false},"author":2,"featured_media":1665,"comment_status":"open","ping_status":"open","sticky":false,"template":"","format":"standard","meta":{"footnotes":""},"categories":[24],"tags":[],"class_list":{"0":"post-1664","1":"post","2":"type-post","3":"status-publish","4":"format-standard","5":"has-post-thumbnail","7":"category-mundo"},"aioseo_notices":[],"_links":{"self":[{"href":"https:\/\/elfaroonline.com.ar\/index.php\/wp-json\/wp\/v2\/posts\/1664","targetHints":{"allow":["GET"]}}],"collection":[{"href":"https:\/\/elfaroonline.com.ar\/index.php\/wp-json\/wp\/v2\/posts"}],"about":[{"href":"https:\/\/elfaroonline.com.ar\/index.php\/wp-json\/wp\/v2\/types\/post"}],"author":[{"embeddable":true,"href":"https:\/\/elfaroonline.com.ar\/index.php\/wp-json\/wp\/v2\/users\/2"}],"replies":[{"embeddable":true,"href":"https:\/\/elfaroonline.com.ar\/index.php\/wp-json\/wp\/v2\/comments?post=1664"}],"version-history":[{"count":1,"href":"https:\/\/elfaroonline.com.ar\/index.php\/wp-json\/wp\/v2\/posts\/1664\/revisions"}],"predecessor-version":[{"id":1666,"href":"https:\/\/elfaroonline.com.ar\/index.php\/wp-json\/wp\/v2\/posts\/1664\/revisions\/1666"}],"wp:featuredmedia":[{"embeddable":true,"href":"https:\/\/elfaroonline.com.ar\/index.php\/wp-json\/wp\/v2\/media\/1665"}],"wp:attachment":[{"href":"https:\/\/elfaroonline.com.ar\/index.php\/wp-json\/wp\/v2\/media?parent=1664"}],"wp:term":[{"taxonomy":"category","embeddable":true,"href":"https:\/\/elfaroonline.com.ar\/index.php\/wp-json\/wp\/v2\/categories?post=1664"},{"taxonomy":"post_tag","embeddable":true,"href":"https:\/\/elfaroonline.com.ar\/index.php\/wp-json\/wp\/v2\/tags?post=1664"}],"curies":[{"name":"wp","href":"https:\/\/api.w.org\/{rel}","templated":true}]}}