{"id":1685,"date":"2024-08-09T17:39:58","date_gmt":"2024-08-09T20:39:58","guid":{"rendered":"https:\/\/elfaroonline.com.ar\/?p=1685"},"modified":"2024-08-09T17:39:58","modified_gmt":"2024-08-09T20:39:58","slug":"la-denuncia-de-fabiola-yanez-contra-alberto-fernandez-venis-golpeandome-hace-tres-dias-seguidos","status":"publish","type":"post","link":"https:\/\/elfaroonline.com.ar\/index.php\/2024\/08\/09\/la-denuncia-de-fabiola-yanez-contra-alberto-fernandez-venis-golpeandome-hace-tres-dias-seguidos\/","title":{"rendered":"La denuncia de Fabiola Ya\u00f1ez contra Alberto Fern\u00e1ndez: \u201cVen\u00eds golpe\u00e1ndome hace tres d\u00edas seguidos\u201d"},"content":{"rendered":"<p>Se difundieron fotos y chats de la denuncia por violencia de g\u00e9nero de Fabiola Ya\u00f1ez contra Alberto Fern\u00e1ndez. Seg\u00fan se desprende de las capturas, parte de los golpes del ex presidente contra su ex pareja ocurrieron en agosto de 2021, plena pandemia del coronavirus.<\/p>\n<p class=\"paragraph\" data-mrf-recirculation=\"Links inline\">En las im\u00e1genes se puede ver a la ex primera dama con moretones en el brazo y la cara. Son fotos que ella le manda al ex mandatario reproch\u00e1ndole su actitud violenta:<b> \u201cEsto no funciona as\u00ed todo el tiempo me golpeas. Es ins\u00f3lito. No puede dejar que me hagas esto cuando yo no te hice nada. Y todo lo que trato de hacer con la mente centrada es defenderte y vos me golpeas f\u00edsicamente. No hay explicaci\u00f3n\u201d.<\/b><\/p>\n<p data-mrf-recirculation=\"Links inline\">En las capturas tambi\u00e9n aparece la respuesta del ex jefe de Estado: <b>\u201cPero deja de discutir. Al final terminamos peleados nosotros por todos los dem\u00e1s. Por favor. Ven\u00ed\u201d.<\/b><\/p>\n<p class=\"paragraph\" data-mrf-recirculation=\"Links inline\">Ante esto, Ya\u00f1ez insiste: \u201cMe volves a golpear. Est\u00e1s loco\u201d. Y Fern\u00e1ndez replica: \u201cMe siento mal\u201d.<\/p>\n<p class=\"paragraph\" data-mrf-recirculation=\"Links inline\"><b>\u201cVen\u00eds golpe\u00e1ndome hace 3 d\u00edas seguidos\u201d,<\/b>responde, contundente, Ya\u00f1ez, a lo que el ex presidente reacciona: <b>\u201cMe cuesta respirar. Por favor par\u00e1. Me siento muy mal\u201d.<\/b><\/p>\n<p data-mrf-recirculation=\"Links inline\">Ya\u00f1ez le enviaba las fotos a Fern\u00e1ndez reclam\u00e1ndole por su actitud violenta: <b>\u201cY cuando me samarreaste de los brazos me dejaste moretones. Esto es cuando me samarreaste\u201d.<\/b><\/p>\n<p data-mrf-recirculation=\"Links inline\">Luego le env\u00eda una foto del ojo totalmente morado y le dice, ir\u00f3nicamente:<b> \u201cEsto es cuando me pegaste sin querer\u201d.<\/b><\/p>\n<p data-mrf-recirculation=\"Links inline\">Fabiola Ya\u00f1ez concret\u00f3 la denuncia contra Alberto Fern\u00e1ndez este martes 6 de agosto. Lo hizo durante una comunicaci\u00f3n por videoconferencia con el juez federal Juli\u00e1n Ercolini, quien imput\u00f3 al ex presidente por lesiones leves.<\/p>\n<p class=\"paragraph\" data-mrf-recirculation=\"Links inline\">Ercolini contaba con material audiovisual que alertaba sobre hechos de violencia de g\u00e9nero contra la ex primera dama, a partir del peritaje del tel\u00e9fono celular de Mar\u00eda Cantero, hist\u00f3rica secretaria de Alberto Fern\u00e1ndez, en el marco de otra causa en la que el ex jefe de Estado es investigado por presunto tr\u00e1fico de influencia.<\/p>\n<p class=\"paragraph\" data-mrf-recirculation=\"Links inline\">Advertido de tal documentaci\u00f3n, el juez federal dispuso abrir una carpeta paralela y darle participaci\u00f3n a la oficina especializada en violencia de g\u00e9nero del Poder Judicial de la Naci\u00f3n. Fueron los funcionarios de esta \u00e1rea quien se contactaron con Ya\u00f1ez y le ofrecieron garant\u00edas en caso de que decidiera formalizar la acusaci\u00f3n contra Fern\u00e1ndez.<\/p>\n<p class=\"paragraph\" data-mrf-recirculation=\"Links inline\">Finalmente, este martes fue la ex primera dama quien llam\u00f3 al juzgado desde Madrid y realiz\u00f3 la denuncia contra Alberto Fern\u00e1ndez. <b>\u201cAcabo de hacer la denuncia, no aguanto m\u00e1s\u201d,\u00a0<\/b>le dijo a su ahora ex abogado, Juan Pablo Fioribello. A falta de la formalizaci\u00f3n, Ya\u00f1ez decidi\u00f3 cambiar de representaci\u00f3n legal y su defensa estar\u00e1 a cargo de <b>Mariana Gallego<\/b>. Especialista en Derechos Civiles y Familia, Gallego est\u00e1 casada con otro abogado famoso, Mauricio D\u2019Alessandro.<\/p>\n","protected":false},"excerpt":{"rendered":"<p>Se difundieron fotos y chats de la denuncia por violencia de g\u00e9nero de Fabiola Ya\u00f1ez contra Alberto Fern\u00e1ndez. Seg\u00fan se desprende de las capturas, parte de los golpes del ex presidente contra su ex pareja ocurrieron en agosto de 2021, plena pandemia del coronavirus. En las im\u00e1genes se puede ver a la ex primera dama [&hellip;]<\/p>\n","protected":false},"author":2,"featured_media":1686,"comment_status":"open","ping_status":"open","sticky":false,"template":"","format":"standard","meta":{"footnotes":""},"categories":[22,27],"tags":[],"class_list":{"0":"post-1685","1":"post","2":"type-post","3":"status-publish","4":"format-standard","5":"has-post-thumbnail","7":"category-nacionales","8":"category-policiales"},"aioseo_notices":[],"_links":{"self":[{"href":"https:\/\/elfaroonline.com.ar\/index.php\/wp-json\/wp\/v2\/posts\/1685","targetHints":{"allow":["GET"]}}],"collection":[{"href":"https:\/\/elfaroonline.com.ar\/index.php\/wp-json\/wp\/v2\/posts"}],"about":[{"href":"https:\/\/elfaroonline.com.ar\/index.php\/wp-json\/wp\/v2\/types\/post"}],"author":[{"embeddable":true,"href":"https:\/\/elfaroonline.com.ar\/index.php\/wp-json\/wp\/v2\/users\/2"}],"replies":[{"embeddable":true,"href":"https:\/\/elfaroonline.com.ar\/index.php\/wp-json\/wp\/v2\/comments?post=1685"}],"version-history":[{"count":1,"href":"https:\/\/elfaroonline.com.ar\/index.php\/wp-json\/wp\/v2\/posts\/1685\/revisions"}],"predecessor-version":[{"id":1687,"href":"https:\/\/elfaroonline.com.ar\/index.php\/wp-json\/wp\/v2\/posts\/1685\/revisions\/1687"}],"wp:featuredmedia":[{"embeddable":true,"href":"https:\/\/elfaroonline.com.ar\/index.php\/wp-json\/wp\/v2\/media\/1686"}],"wp:attachment":[{"href":"https:\/\/elfaroonline.com.ar\/index.php\/wp-json\/wp\/v2\/media?parent=1685"}],"wp:term":[{"taxonomy":"category","embeddable":true,"href":"https:\/\/elfaroonline.com.ar\/index.php\/wp-json\/wp\/v2\/categories?post=1685"},{"taxonomy":"post_tag","embeddable":true,"href":"https:\/\/elfaroonline.com.ar\/index.php\/wp-json\/wp\/v2\/tags?post=1685"}],"curies":[{"name":"wp","href":"https:\/\/api.w.org\/{rel}","templated":true}]}}