{"id":1703,"date":"2024-08-12T11:00:27","date_gmt":"2024-08-12T14:00:27","guid":{"rendered":"https:\/\/elfaroonline.com.ar\/?p=1703"},"modified":"2024-08-12T11:00:27","modified_gmt":"2024-08-12T14:00:27","slug":"dialogo-positivo-entre-gobierno-glencore-y-proveedores-locales","status":"publish","type":"post","link":"https:\/\/elfaroonline.com.ar\/index.php\/2024\/08\/12\/dialogo-positivo-entre-gobierno-glencore-y-proveedores-locales\/","title":{"rendered":"Di\u00e1logo positivo entre Gobierno, Glencore y proveedores locales"},"content":{"rendered":"<p class=\"v1MsoNormal\">En Casa de Gobierno, el gobernador Ra\u00fal Jalil mantuvo una reuni\u00f3n de trabajo con los representantes de la empresa Glencore, proveedores mineros locales, referentes de la comunidad de Minas Capillitas y de AOMA.<\/p>\n<p class=\"v1MsoNormal\">En dicho encuentro, dialogaron sobre las posibilidades de trabajo conjunto en el proyecto MARA que se desarrolla en Andalgal\u00e1 y que genera importantes expectativas en el sector minero.<\/p>\n<p class=\"v1MsoNormal\">\n<p class=\"v1MsoNormal\">Para ello, se acord\u00f3 continuar con el di\u00e1logo el pr\u00f3ximo martes en la &#8220;Perla del Oeste&#8221; con la participaci\u00f3n de los proveedores locales, autoridades de la empresa, del Ministerio de Miner\u00eda, del Ministerio de Trabajo, Planificaci\u00f3n y Recursos Humanos, del gremio AOMA y referentes de trabajadores interesados en formar parte del proyecto.<\/p>\n","protected":false},"excerpt":{"rendered":"<p>En Casa de Gobierno, el gobernador Ra\u00fal Jalil mantuvo una reuni\u00f3n de trabajo con los representantes de la empresa Glencore, proveedores mineros locales, referentes de la comunidad de Minas Capillitas y de AOMA. En dicho encuentro, dialogaron sobre las posibilidades de trabajo conjunto en el proyecto MARA que se desarrolla en Andalgal\u00e1 y que genera [&hellip;]<\/p>\n","protected":false},"author":2,"featured_media":1704,"comment_status":"open","ping_status":"open","sticky":false,"template":"","format":"standard","meta":{"footnotes":""},"categories":[23,21],"tags":[],"class_list":{"0":"post-1703","1":"post","2":"type-post","3":"status-publish","4":"format-standard","5":"has-post-thumbnail","7":"category-destacados","8":"category-politica"},"aioseo_notices":[],"_links":{"self":[{"href":"https:\/\/elfaroonline.com.ar\/index.php\/wp-json\/wp\/v2\/posts\/1703","targetHints":{"allow":["GET"]}}],"collection":[{"href":"https:\/\/elfaroonline.com.ar\/index.php\/wp-json\/wp\/v2\/posts"}],"about":[{"href":"https:\/\/elfaroonline.com.ar\/index.php\/wp-json\/wp\/v2\/types\/post"}],"author":[{"embeddable":true,"href":"https:\/\/elfaroonline.com.ar\/index.php\/wp-json\/wp\/v2\/users\/2"}],"replies":[{"embeddable":true,"href":"https:\/\/elfaroonline.com.ar\/index.php\/wp-json\/wp\/v2\/comments?post=1703"}],"version-history":[{"count":1,"href":"https:\/\/elfaroonline.com.ar\/index.php\/wp-json\/wp\/v2\/posts\/1703\/revisions"}],"predecessor-version":[{"id":1705,"href":"https:\/\/elfaroonline.com.ar\/index.php\/wp-json\/wp\/v2\/posts\/1703\/revisions\/1705"}],"wp:featuredmedia":[{"embeddable":true,"href":"https:\/\/elfaroonline.com.ar\/index.php\/wp-json\/wp\/v2\/media\/1704"}],"wp:attachment":[{"href":"https:\/\/elfaroonline.com.ar\/index.php\/wp-json\/wp\/v2\/media?parent=1703"}],"wp:term":[{"taxonomy":"category","embeddable":true,"href":"https:\/\/elfaroonline.com.ar\/index.php\/wp-json\/wp\/v2\/categories?post=1703"},{"taxonomy":"post_tag","embeddable":true,"href":"https:\/\/elfaroonline.com.ar\/index.php\/wp-json\/wp\/v2\/tags?post=1703"}],"curies":[{"name":"wp","href":"https:\/\/api.w.org\/{rel}","templated":true}]}}