{"id":1712,"date":"2024-08-12T11:10:25","date_gmt":"2024-08-12T14:10:25","guid":{"rendered":"https:\/\/elfaroonline.com.ar\/?p=1712"},"modified":"2024-08-12T11:10:25","modified_gmt":"2024-08-12T14:10:25","slug":"en-septiembre-el-gobierno-inaugura-el-asfaltado-total-de-ruta-43-hasta-antofagasta-y-el-puente-a-las-termas-de-fiambala","status":"publish","type":"post","link":"https:\/\/elfaroonline.com.ar\/index.php\/2024\/08\/12\/en-septiembre-el-gobierno-inaugura-el-asfaltado-total-de-ruta-43-hasta-antofagasta-y-el-puente-a-las-termas-de-fiambala\/","title":{"rendered":"En septiembre, el Gobierno inaugura el asfaltado total de Ruta 43 hasta Antofagasta y el puente a las Termas de Fiambal\u00e1"},"content":{"rendered":"<p class=\"v1MsoNormal\">En la primera semana del pr\u00f3ximo mes el Gobierno provincial tiene confirmada la inauguraci\u00f3n de dos obras trascendentales para el Oeste catamarque\u00f1o: el asfaltado del \u00faltimo tramo de Ruta Provincial N\u00b043 camino a Antofagasta de la Sierra y el puente camino a Las Termas. Ambas obras contaron con financiamiento de la CAF.<\/p>\n<p class=\"v1MsoNormal\">En este contexto, el gobernador Ra\u00fal Jalil se reuni\u00f3 con los intendentes Ra\u00fal \u00dasqueda (Fiambal\u00e1) y Ram\u00f3n Guti\u00e9rrez (Villa Vil) para dialogar sobre la inauguraci\u00f3n de estas importantes obras en ambas jurisdicciones. Las mismas representan avances significativos en la infraestructura de la regi\u00f3n, mejorar\u00e1n la conectividad y el desarrollo tur\u00edstico.<\/p>\n<p class=\"v1MsoNormal\">El martes 3 de septiembre se inaugurar\u00e1 el asfaltado del tramo Villa Vil-Barranca Larga en Ruta Provincial N\u00b043, con el que se completar\u00e1 la pavimentaci\u00f3n total de la ruta que lleva a Antofagasta de la Sierra. Esta intervenci\u00f3n mejorar\u00e1 sustancialmente la conectividad en la regi\u00f3n, facilitando el transporte y el desarrollo econ\u00f3mico, productivo y tur\u00edstico.<\/p>\n<p class=\"v1MsoNormal\">En tanto que, el 7 de septiembre, en Fiambal\u00e1, se inaugurar\u00e1 el nuevo puente sobre el R\u00edo Los \u00c1rboles, una obra vital para el Complejo Termal Fiambal\u00e1 porque permitir\u00e1 que el centro tur\u00edstico m\u00e1s importante de la provincia no quede aislado durante las \u00e9pocas de crecida, asegurando el acceso continuo para turistas y residentes.<\/p>\n<p class=\"v1MsoNormal\">Estas obras han contado con el apoyo y financiamiento de la Corporaci\u00f3n Andina de Fomento (CAF), destacando la cooperaci\u00f3n internacional en el desarrollo regional. Es as\u00ed, que para la inauguraci\u00f3n de las obras est\u00e1 prevista la presencia de las principales autoridades del organismo.<\/p>\n<p class=\"v1MsoNormal\">Por \u00faltimo, durante el encuentro con el Gobernador, los intendentes coincidieron que inaugurar estas obras significan un importante avance en la infraestructura provincial, ya que &#8220;tendr\u00e1n un impacto positivo en la conectividad y el turismo de la regi\u00f3n&#8221;.<\/p>\n","protected":false},"excerpt":{"rendered":"<p>En la primera semana del pr\u00f3ximo mes el Gobierno provincial tiene confirmada la inauguraci\u00f3n de dos obras trascendentales para el Oeste catamarque\u00f1o: el asfaltado del \u00faltimo tramo de Ruta Provincial N\u00b043 camino a Antofagasta de la Sierra y el puente camino a Las Termas. Ambas obras contaron con financiamiento de la CAF. En este contexto, [&hellip;]<\/p>\n","protected":false},"author":2,"featured_media":1713,"comment_status":"open","ping_status":"open","sticky":false,"template":"","format":"standard","meta":{"footnotes":""},"categories":[23,20],"tags":[],"class_list":{"0":"post-1712","1":"post","2":"type-post","3":"status-publish","4":"format-standard","5":"has-post-thumbnail","7":"category-destacados","8":"category-sociedad"},"aioseo_notices":[],"_links":{"self":[{"href":"https:\/\/elfaroonline.com.ar\/index.php\/wp-json\/wp\/v2\/posts\/1712","targetHints":{"allow":["GET"]}}],"collection":[{"href":"https:\/\/elfaroonline.com.ar\/index.php\/wp-json\/wp\/v2\/posts"}],"about":[{"href":"https:\/\/elfaroonline.com.ar\/index.php\/wp-json\/wp\/v2\/types\/post"}],"author":[{"embeddable":true,"href":"https:\/\/elfaroonline.com.ar\/index.php\/wp-json\/wp\/v2\/users\/2"}],"replies":[{"embeddable":true,"href":"https:\/\/elfaroonline.com.ar\/index.php\/wp-json\/wp\/v2\/comments?post=1712"}],"version-history":[{"count":1,"href":"https:\/\/elfaroonline.com.ar\/index.php\/wp-json\/wp\/v2\/posts\/1712\/revisions"}],"predecessor-version":[{"id":1714,"href":"https:\/\/elfaroonline.com.ar\/index.php\/wp-json\/wp\/v2\/posts\/1712\/revisions\/1714"}],"wp:featuredmedia":[{"embeddable":true,"href":"https:\/\/elfaroonline.com.ar\/index.php\/wp-json\/wp\/v2\/media\/1713"}],"wp:attachment":[{"href":"https:\/\/elfaroonline.com.ar\/index.php\/wp-json\/wp\/v2\/media?parent=1712"}],"wp:term":[{"taxonomy":"category","embeddable":true,"href":"https:\/\/elfaroonline.com.ar\/index.php\/wp-json\/wp\/v2\/categories?post=1712"},{"taxonomy":"post_tag","embeddable":true,"href":"https:\/\/elfaroonline.com.ar\/index.php\/wp-json\/wp\/v2\/tags?post=1712"}],"curies":[{"name":"wp","href":"https:\/\/api.w.org\/{rel}","templated":true}]}}