{"id":1778,"date":"2024-08-15T20:59:54","date_gmt":"2024-08-15T23:59:54","guid":{"rendered":"https:\/\/elfaroonline.com.ar\/?p=1778"},"modified":"2024-08-15T20:59:54","modified_gmt":"2024-08-15T23:59:54","slug":"nuevo-chat-de-fabiola-yanez-a-cantero-me-quiso-ahorcar-porque-le-dije-una-verdad-estaba-coaccionando-a-una-amiga-para-que-se-acueste-con-el","status":"publish","type":"post","link":"https:\/\/elfaroonline.com.ar\/index.php\/2024\/08\/15\/nuevo-chat-de-fabiola-yanez-a-cantero-me-quiso-ahorcar-porque-le-dije-una-verdad-estaba-coaccionando-a-una-amiga-para-que-se-acueste-con-el\/","title":{"rendered":"Nuevo chat de Fabiola Ya\u00f1ez a Cantero: \u201cMe quiso ahorcar porque le dije una verdad, estaba coaccionando a una amiga para que se acueste con \u00e9l\u201d"},"content":{"rendered":"<p>El <b>12 de agosto de 2021<\/b> fue un d\u00eda clave en el calvario que vivi\u00f3 Fabiola Ya\u00f1ez. Ese d\u00eda, la ex primera dama se comunic\u00f3 con la secretaria del Presidente, <b>Mar\u00eda Cantero<\/b>, y le confes\u00f3 que hab\u00eda sido golpeada por Alberto Fern\u00e1ndez horas antes. Le mand\u00f3 fotos y capturas de la conversaci\u00f3n por WhatsApp. Todo figura en el legajo reservado que tiene la Justicia. <b>Son 174 p\u00e1ginas de chats entre la entonces primera dama y la secretaria<\/b>.<\/p>\n<p class=\"paragraph\" data-mrf-recirculation=\"Links inline\"><b>\u201cPero te digo que anoche me quiso ahorcar solo porque le dije una verdad y era que \u00e9l estaba coaccionando a una amiga m\u00eda para que se acueste con \u00e9l\u201d, <\/b>le cont\u00f3 Ya\u00f1ez a Cantero ese mismo 12 de agosto.<\/p>\n<div class=\"inline ad-wrapper\">\n<div class=\"dfpAd ad-inline\"><\/div>\n<\/div>\n<p class=\"paragraph\" data-mrf-recirculation=\"Links inline\">En el mensaje, Ya\u00f1ez habla de la noche anterior. La Justicia tiene identificado que ese d\u00eda, la pareja discuti\u00f3 \u201c<b>por los mensajes que Alberto Ferna\u0301ndez le remitio\u0301 a Sofi\u0301a Pacchi\u201d<\/b>, una de las mejores amigas de la primera dama. El fiscal Ramiro Gonz\u00e1lez expuso en su dictamen que el ex presidente \u201czamarreo\u0301 a Ya\u0301n\u0303ez de sus brazos, provoca\u0301ndole una lesio\u0301n en una de sus extremidades y la sujeto\u0301 con sus manos del cuello\u201d.<\/p>\n<p data-mrf-recirculation=\"Links inline\">Pacchi estuvo en la Fiesta de Olivos. Y cuando se filtraron las fotos de aquella noche, la relaci\u00f3n personal con Ya\u00f1ez se quebr\u00f3. Sin embargo, Pacchi sigui\u00f3 trabajando unos meses bajo la \u00f3rbita de la Secretar\u00eda General de la Presidencia.<\/p>\n<p data-mrf-recirculation=\"Links inline\">La relaci\u00f3n entre ambas se remontaba al menos hasta 2012. \u201c<b>Se conocieron en un curso de teatro en lo de (Carlos) Evaristo, en Palermo. En alg\u00fan momento tambi\u00e9n vivieron juntas<\/b>\u201d, recuerda un integrante de ese c\u00edrculo \u00edntimo que implosion\u00f3 con la Fiesta de Olivos.<\/p>\n<p data-mrf-recirculation=\"Links inline\"><b>Pacchi ahora es una de las seis personas que deber\u00e1 declarar como testigo.<\/b> Su nombre no est\u00e1 en el escrito que present\u00f3 Ya\u00f1ez el lunes ante el consulado argentino en Madrid (Espa\u00f1a) pero apareci\u00f3 en su declaraci\u00f3n del martes ante el fiscal Gonz\u00e1lez.<\/p>\n","protected":false},"excerpt":{"rendered":"<p>El 12 de agosto de 2021 fue un d\u00eda clave en el calvario que vivi\u00f3 Fabiola Ya\u00f1ez. Ese d\u00eda, la ex primera dama se comunic\u00f3 con la secretaria del Presidente, Mar\u00eda Cantero, y le confes\u00f3 que hab\u00eda sido golpeada por Alberto Fern\u00e1ndez horas antes. Le mand\u00f3 fotos y capturas de la conversaci\u00f3n por WhatsApp. Todo [&hellip;]<\/p>\n","protected":false},"author":2,"featured_media":1779,"comment_status":"open","ping_status":"open","sticky":false,"template":"","format":"standard","meta":{"footnotes":""},"categories":[22,27],"tags":[],"class_list":{"0":"post-1778","1":"post","2":"type-post","3":"status-publish","4":"format-standard","5":"has-post-thumbnail","7":"category-nacionales","8":"category-policiales"},"aioseo_notices":[],"_links":{"self":[{"href":"https:\/\/elfaroonline.com.ar\/index.php\/wp-json\/wp\/v2\/posts\/1778","targetHints":{"allow":["GET"]}}],"collection":[{"href":"https:\/\/elfaroonline.com.ar\/index.php\/wp-json\/wp\/v2\/posts"}],"about":[{"href":"https:\/\/elfaroonline.com.ar\/index.php\/wp-json\/wp\/v2\/types\/post"}],"author":[{"embeddable":true,"href":"https:\/\/elfaroonline.com.ar\/index.php\/wp-json\/wp\/v2\/users\/2"}],"replies":[{"embeddable":true,"href":"https:\/\/elfaroonline.com.ar\/index.php\/wp-json\/wp\/v2\/comments?post=1778"}],"version-history":[{"count":1,"href":"https:\/\/elfaroonline.com.ar\/index.php\/wp-json\/wp\/v2\/posts\/1778\/revisions"}],"predecessor-version":[{"id":1780,"href":"https:\/\/elfaroonline.com.ar\/index.php\/wp-json\/wp\/v2\/posts\/1778\/revisions\/1780"}],"wp:featuredmedia":[{"embeddable":true,"href":"https:\/\/elfaroonline.com.ar\/index.php\/wp-json\/wp\/v2\/media\/1779"}],"wp:attachment":[{"href":"https:\/\/elfaroonline.com.ar\/index.php\/wp-json\/wp\/v2\/media?parent=1778"}],"wp:term":[{"taxonomy":"category","embeddable":true,"href":"https:\/\/elfaroonline.com.ar\/index.php\/wp-json\/wp\/v2\/categories?post=1778"},{"taxonomy":"post_tag","embeddable":true,"href":"https:\/\/elfaroonline.com.ar\/index.php\/wp-json\/wp\/v2\/tags?post=1778"}],"curies":[{"name":"wp","href":"https:\/\/api.w.org\/{rel}","templated":true}]}}