{"id":1781,"date":"2024-08-15T21:09:51","date_gmt":"2024-08-16T00:09:51","guid":{"rendered":"https:\/\/elfaroonline.com.ar\/?p=1781"},"modified":"2024-08-15T21:09:51","modified_gmt":"2024-08-16T00:09:51","slug":"river-plate-vencio-1-0-a-talleres-y-saco-ventaja-para-la-revancha-en-nunez-por-los-octavos-de-la-copa-libertadores","status":"publish","type":"post","link":"https:\/\/elfaroonline.com.ar\/index.php\/2024\/08\/15\/river-plate-vencio-1-0-a-talleres-y-saco-ventaja-para-la-revancha-en-nunez-por-los-octavos-de-la-copa-libertadores\/","title":{"rendered":"River Plate venci\u00f3 1-0 a Talleres y sac\u00f3 ventaja para la revancha en N\u00fa\u00f1ez por los octavos de la Copa Libertadores"},"content":{"rendered":"<div class=\"body-blogging-article \">\n<p class=\"paragraph\"><b>River Plate<\/b> venci\u00f3 1-0 a <b>Talleres <\/b>con el \u00fanico gol de <b>Paulo D\u00edaz<\/b> y sac\u00f3 una ventaja importante para el cruce de vuelta de la pr\u00f3xima semana. El anfitri\u00f3n, que le anularon un gol por correcto fuera de juego en el complemento, deber\u00e1 buscar la victoria en N\u00fa\u00f1ez sin <b>Lucas Su\u00e1rez<\/b>, expulsado en C\u00f3rdoba.<\/p>\n<p>A lo largo del encuentro, hubo momentos en los que dominaron los cordobeses y en otros en los que el Millonario mereci\u00f3 m\u00e1s. Por medio de los cambios, donde <strong>Nacho Fern\u00e1ndez <\/strong>fue quien ingres\u00f3 en el complemento y asisti\u00f3 a <strong>D\u00edaz<\/strong>, los de N\u00fa\u00f1ez encontraron la llave del gol para obtener un resultado positivo de cara a la revancha. Cabe destacar que <strong>Lucas Su\u00e1rez<\/strong>, en el complemento, fue expulsado tras una dura infracci\u00f3n sobre <strong>Adam Bareiro<\/strong>.<\/p>\n<\/div>\n<div class=\"body-blogging-article \">\n<p class=\"paragraph\">La revancha ser\u00e1 este mi\u00e9rcoles 21 de agosto desde las 21:30 (hora argentina) en el <i>Estadio Monumental<\/i>, pero antes el <i>Millonario <\/i>visitar\u00e1 este s\u00e1bado a Gimnasia en el <i>Bosque <\/i>(17:30) y la <i>T <\/i>ser\u00e1 local el mismo d\u00eda a partir de las 20 ante <b>Independiente Rivadavia<\/b>.<\/p>\n<\/div>\n","protected":false},"excerpt":{"rendered":"<p>River Plate venci\u00f3 1-0 a Talleres con el \u00fanico gol de Paulo D\u00edaz y sac\u00f3 una ventaja importante para el cruce de vuelta de la pr\u00f3xima semana. El anfitri\u00f3n, que le anularon un gol por correcto fuera de juego en el complemento, deber\u00e1 buscar la victoria en N\u00fa\u00f1ez sin Lucas Su\u00e1rez, expulsado en C\u00f3rdoba. A [&hellip;]<\/p>\n","protected":false},"author":2,"featured_media":1782,"comment_status":"open","ping_status":"open","sticky":false,"template":"","format":"standard","meta":{"footnotes":""},"categories":[25],"tags":[],"class_list":{"0":"post-1781","1":"post","2":"type-post","3":"status-publish","4":"format-standard","5":"has-post-thumbnail","7":"category-deportes"},"aioseo_notices":[],"_links":{"self":[{"href":"https:\/\/elfaroonline.com.ar\/index.php\/wp-json\/wp\/v2\/posts\/1781","targetHints":{"allow":["GET"]}}],"collection":[{"href":"https:\/\/elfaroonline.com.ar\/index.php\/wp-json\/wp\/v2\/posts"}],"about":[{"href":"https:\/\/elfaroonline.com.ar\/index.php\/wp-json\/wp\/v2\/types\/post"}],"author":[{"embeddable":true,"href":"https:\/\/elfaroonline.com.ar\/index.php\/wp-json\/wp\/v2\/users\/2"}],"replies":[{"embeddable":true,"href":"https:\/\/elfaroonline.com.ar\/index.php\/wp-json\/wp\/v2\/comments?post=1781"}],"version-history":[{"count":1,"href":"https:\/\/elfaroonline.com.ar\/index.php\/wp-json\/wp\/v2\/posts\/1781\/revisions"}],"predecessor-version":[{"id":1783,"href":"https:\/\/elfaroonline.com.ar\/index.php\/wp-json\/wp\/v2\/posts\/1781\/revisions\/1783"}],"wp:featuredmedia":[{"embeddable":true,"href":"https:\/\/elfaroonline.com.ar\/index.php\/wp-json\/wp\/v2\/media\/1782"}],"wp:attachment":[{"href":"https:\/\/elfaroonline.com.ar\/index.php\/wp-json\/wp\/v2\/media?parent=1781"}],"wp:term":[{"taxonomy":"category","embeddable":true,"href":"https:\/\/elfaroonline.com.ar\/index.php\/wp-json\/wp\/v2\/categories?post=1781"},{"taxonomy":"post_tag","embeddable":true,"href":"https:\/\/elfaroonline.com.ar\/index.php\/wp-json\/wp\/v2\/tags?post=1781"}],"curies":[{"name":"wp","href":"https:\/\/api.w.org\/{rel}","templated":true}]}}