{"id":1786,"date":"2024-08-16T14:24:45","date_gmt":"2024-08-16T17:24:45","guid":{"rendered":"https:\/\/elfaroonline.com.ar\/?p=1786"},"modified":"2024-08-16T14:24:45","modified_gmt":"2024-08-16T17:24:45","slug":"el-gobierno-inauguro-el-7mo-puente-de-la-gestion-para-seguir-uniendo-caminos-y-pueblos","status":"publish","type":"post","link":"https:\/\/elfaroonline.com.ar\/index.php\/2024\/08\/16\/el-gobierno-inauguro-el-7mo-puente-de-la-gestion-para-seguir-uniendo-caminos-y-pueblos\/","title":{"rendered":"El Gobierno inaugur\u00f3 el 7mo puente de la gesti\u00f3n para seguir uniendo caminos y pueblos"},"content":{"rendered":"<p class=\"v1MsoNormal\">La construcci\u00f3n de puentes en distintos puntos del territorio provincial ha sido una premisa del Gobierno en estos a\u00f1os de gesti\u00f3n. Los mismos han sido construidos con fondos propios, nacionales, de la miner\u00eda y la CAF.<\/p>\n<p class=\"v1MsoNormal\">El puente de San Jos\u00e9, inaugurado este jueves pasado, es el s\u00e9ptimo de la gesti\u00f3n que se suma al puente de El Rodeo, el puente en Aconquija (sobre R\u00edo Pucar\u00e1), el puente en Singuil, los puentes sobre R\u00edo El Bols\u00f3n y Cura Quebrada en Bel\u00e9n, y el puente sobre Av. Camino de la Virgen. Tambi\u00e9n hay que recordar que se reconstruy\u00f3 casi en su totalidad el puente en Sumalao que conecta la Capital con Valle Viejo.<\/p>\n<p class=\"v1MsoNormal\">En el pr\u00f3ximo mes (7 de septiembre) est\u00e1 prevista la inauguraci\u00f3n del puente sobre R\u00edo Los \u00c1rboles, camino a las Termas de Fiambal\u00e1, y tambi\u00e9n se encuentra en un importante estado de avance el puente sobre R\u00edo Abauc\u00e1n en Fiambal\u00e1.<\/p>\n<p class=\"v1MsoNormal\">En Santa Mar\u00eda se avanzar\u00e1 con la obra del puente sobre R\u00edo Santa Mar\u00eda en la intersecci\u00f3n de Las Mojarras-Rotonda Pachamama, en Ruta Provincial N\u00b0149, que cuenta con un avance de casi el 50%.<\/p>\n<p class=\"v1MsoNormal\">Se debe recordar que, semanas atr\u00e1s, se inici\u00f3 la reconstrucci\u00f3n del puente sobre el R\u00edo Las Juntas, que fue arrastrado por una crecida en diciembre pasado.<\/p>\n","protected":false},"excerpt":{"rendered":"<p>La construcci\u00f3n de puentes en distintos puntos del territorio provincial ha sido una premisa del Gobierno en estos a\u00f1os de gesti\u00f3n. Los mismos han sido construidos con fondos propios, nacionales, de la miner\u00eda y la CAF. El puente de San Jos\u00e9, inaugurado este jueves pasado, es el s\u00e9ptimo de la gesti\u00f3n que se suma al [&hellip;]<\/p>\n","protected":false},"author":2,"featured_media":1787,"comment_status":"open","ping_status":"open","sticky":false,"template":"","format":"standard","meta":{"footnotes":""},"categories":[23,21],"tags":[],"class_list":{"0":"post-1786","1":"post","2":"type-post","3":"status-publish","4":"format-standard","5":"has-post-thumbnail","7":"category-destacados","8":"category-politica"},"aioseo_notices":[],"_links":{"self":[{"href":"https:\/\/elfaroonline.com.ar\/index.php\/wp-json\/wp\/v2\/posts\/1786","targetHints":{"allow":["GET"]}}],"collection":[{"href":"https:\/\/elfaroonline.com.ar\/index.php\/wp-json\/wp\/v2\/posts"}],"about":[{"href":"https:\/\/elfaroonline.com.ar\/index.php\/wp-json\/wp\/v2\/types\/post"}],"author":[{"embeddable":true,"href":"https:\/\/elfaroonline.com.ar\/index.php\/wp-json\/wp\/v2\/users\/2"}],"replies":[{"embeddable":true,"href":"https:\/\/elfaroonline.com.ar\/index.php\/wp-json\/wp\/v2\/comments?post=1786"}],"version-history":[{"count":1,"href":"https:\/\/elfaroonline.com.ar\/index.php\/wp-json\/wp\/v2\/posts\/1786\/revisions"}],"predecessor-version":[{"id":1788,"href":"https:\/\/elfaroonline.com.ar\/index.php\/wp-json\/wp\/v2\/posts\/1786\/revisions\/1788"}],"wp:featuredmedia":[{"embeddable":true,"href":"https:\/\/elfaroonline.com.ar\/index.php\/wp-json\/wp\/v2\/media\/1787"}],"wp:attachment":[{"href":"https:\/\/elfaroonline.com.ar\/index.php\/wp-json\/wp\/v2\/media?parent=1786"}],"wp:term":[{"taxonomy":"category","embeddable":true,"href":"https:\/\/elfaroonline.com.ar\/index.php\/wp-json\/wp\/v2\/categories?post=1786"},{"taxonomy":"post_tag","embeddable":true,"href":"https:\/\/elfaroonline.com.ar\/index.php\/wp-json\/wp\/v2\/tags?post=1786"}],"curies":[{"name":"wp","href":"https:\/\/api.w.org\/{rel}","templated":true}]}}