{"id":1792,"date":"2024-08-16T14:30:52","date_gmt":"2024-08-16T17:30:52","guid":{"rendered":"https:\/\/elfaroonline.com.ar\/?p=1792"},"modified":"2024-08-16T14:30:52","modified_gmt":"2024-08-16T17:30:52","slug":"ordenaron-analizar-las-llamadas-entre-fabiola-yanez-y-alberto-fernandez-y-rechazaron-una-inspeccion-a-olivos","status":"publish","type":"post","link":"https:\/\/elfaroonline.com.ar\/index.php\/2024\/08\/16\/ordenaron-analizar-las-llamadas-entre-fabiola-yanez-y-alberto-fernandez-y-rechazaron-una-inspeccion-a-olivos\/","title":{"rendered":"Ordenaron analizar las llamadas entre Fabiola Ya\u00f1ez y Alberto Fern\u00e1ndez y rechazaron una inspecci\u00f3n a Olivos"},"content":{"rendered":"<p>El juez federal<b> Juli\u00e1n Ercolini <\/b>orden\u00f3 hoy conocer las llamadas entrantes y salientes que se realizaron el ex presidente<b> Alberto Fern\u00e1ndez<\/b> y la ex primera dama <b>Fabiola Ya\u00f1ez<\/b>, quien lo denunci\u00f3 por violencia de g\u00e9nero. La medida judicial abarca el per\u00edodo del inicio del 2016 hasta fines del a\u00f1o pasado.<b> El magistrado adem\u00e1s rechaz\u00f3 hacer una inspecci\u00f3n judicial a la quinta de Olivos.<\/b><\/p>\n<p class=\"paragraph\" data-mrf-recirculation=\"Links inline\">Se trata de parte de las medidas de prueba que el fiscal federal <b>Ramiro Gonz\u00e1lez<\/b> le hab\u00eda solicitado al juez este mi\u00e9rcoles cuando imput\u00f3 formalmente a Fern\u00e1ndez por los delitos de lesiones leves y graves doblemente agravadas por el v\u00ednculo y por amenazas coactivas.<\/p>\n<div class=\"inline ad-wrapper\">\n<div class=\"dfpAd ad-inline\"><\/div>\n<\/div>\n<p class=\"paragraph\" data-mrf-recirculation=\"Links inline\">El per\u00edodo de las llamadas van desde 2016, cuando Ya\u00f1ez relat\u00f3 que fue obligada por Fern\u00e1ndez a hacerse un aborto, hasta fines de 2023, a\u00f1o en el que seg\u00fan denunci\u00f3 la ex primera dama sigui\u00f3 el hostigamiento. Tambi\u00e9n fue el final del mandato presidencial de Fern\u00e1ndez.<\/p>\n<p class=\"paragraph\" data-mrf-recirculation=\"Links inline\">El fiscal quer\u00eda conocer todas las llamadas que hab\u00edan recibido Ya\u00f1ez y Fern\u00e1ndez pero la querella de la ex primera dama, a cargo de la abogada <b>Mariana Gallego,<\/b> pidi\u00f3 que a los fines de la causa se limiten a las comunicaciones entre ellos dos.<\/p>\n<p class=\"paragraph\" data-mrf-recirculation=\"Links inline\">En tanto, el juez rechaz\u00f3 <b>\u201cuna inspecci\u00f3n judicial de la quinta de Olivos, sus adyacencias y anexos\u201d<\/b>, tal como hab\u00eda pedido la Fiscal\u00eda. El magistrado entendi\u00f3 que hoy ese medida no es conducente para el estado de la investigaci\u00f3n.<\/p>\n<p data-mrf-recirculation=\"Links inline\">Entre otras medidas, el fiscal tambi\u00e9n cit\u00f3 como testigos a seis personas, cuyas fechas de declaraci\u00f3n se terminaban de definir y que en principio comenzar\u00edan la semana que viene. Los convocados a declarar son <b>Mar\u00eda Cantero,<\/b> ex secretaria privada de Alberto Fern\u00e1ndez; <b>Federico Saavedra,<\/b> ex jefe de la Unidad M\u00e9dica Presidencial; <b>Miriam Ya\u00f1ez Verdugo<\/b>, la madre de Fabiola, <b>Sof\u00eda Pacchi<\/b>, amiga de Fabiola y una de las que estuvo en la fiesta de Olivos, y la periodista <b>Alicia Barrios<\/b>. Fabiola Ya\u00f1ez dijo que todos de distintas formas sab\u00edan de las agresiones que estaba sufriendo, Tambi\u00e9n fue citado <b>Daniel Rodr\u00edguez<\/b>, intendente de la Quinta de Olivos durante la presidencia de Fern\u00e1ndez.<\/p>\n<p data-mrf-recirculation=\"Links inline\">El fiscal describi\u00f3 en la imputaci\u00f3n que Ya\u00f1ez<b>\u201csufri\u00f3 una relaci\u00f3n atravesada por hostigamiento, acoso psicol\u00f3gico y agresiones f\u00edsicas en un contexto de violencia de g\u00e9nero e intrafamiliar\u201d <\/b>sobre una <b>\u201crelaci\u00f3n asim\u00e9trica y desigual de poder que se ha desarrollado a lo largo del tiempo, la cual se vio acrecentada exponencialmente por la elecci\u00f3n de Fern\u00e1ndez como Presidente de la Naci\u00f3n y el ejercicio del cargo\u201d<\/b>.<\/p>\n","protected":false},"excerpt":{"rendered":"<p>El juez federal Juli\u00e1n Ercolini orden\u00f3 hoy conocer las llamadas entrantes y salientes que se realizaron el ex presidente Alberto Fern\u00e1ndez y la ex primera dama Fabiola Ya\u00f1ez, quien lo denunci\u00f3 por violencia de g\u00e9nero. La medida judicial abarca el per\u00edodo del inicio del 2016 hasta fines del a\u00f1o pasado. El magistrado adem\u00e1s rechaz\u00f3 hacer [&hellip;]<\/p>\n","protected":false},"author":2,"featured_media":1793,"comment_status":"open","ping_status":"open","sticky":false,"template":"","format":"standard","meta":{"footnotes":""},"categories":[22,27],"tags":[],"class_list":{"0":"post-1792","1":"post","2":"type-post","3":"status-publish","4":"format-standard","5":"has-post-thumbnail","7":"category-nacionales","8":"category-policiales"},"aioseo_notices":[],"_links":{"self":[{"href":"https:\/\/elfaroonline.com.ar\/index.php\/wp-json\/wp\/v2\/posts\/1792","targetHints":{"allow":["GET"]}}],"collection":[{"href":"https:\/\/elfaroonline.com.ar\/index.php\/wp-json\/wp\/v2\/posts"}],"about":[{"href":"https:\/\/elfaroonline.com.ar\/index.php\/wp-json\/wp\/v2\/types\/post"}],"author":[{"embeddable":true,"href":"https:\/\/elfaroonline.com.ar\/index.php\/wp-json\/wp\/v2\/users\/2"}],"replies":[{"embeddable":true,"href":"https:\/\/elfaroonline.com.ar\/index.php\/wp-json\/wp\/v2\/comments?post=1792"}],"version-history":[{"count":1,"href":"https:\/\/elfaroonline.com.ar\/index.php\/wp-json\/wp\/v2\/posts\/1792\/revisions"}],"predecessor-version":[{"id":1794,"href":"https:\/\/elfaroonline.com.ar\/index.php\/wp-json\/wp\/v2\/posts\/1792\/revisions\/1794"}],"wp:featuredmedia":[{"embeddable":true,"href":"https:\/\/elfaroonline.com.ar\/index.php\/wp-json\/wp\/v2\/media\/1793"}],"wp:attachment":[{"href":"https:\/\/elfaroonline.com.ar\/index.php\/wp-json\/wp\/v2\/media?parent=1792"}],"wp:term":[{"taxonomy":"category","embeddable":true,"href":"https:\/\/elfaroonline.com.ar\/index.php\/wp-json\/wp\/v2\/categories?post=1792"},{"taxonomy":"post_tag","embeddable":true,"href":"https:\/\/elfaroonline.com.ar\/index.php\/wp-json\/wp\/v2\/tags?post=1792"}],"curies":[{"name":"wp","href":"https:\/\/api.w.org\/{rel}","templated":true}]}}