{"id":1799,"date":"2024-08-20T10:17:08","date_gmt":"2024-08-20T13:17:08","guid":{"rendered":"https:\/\/elfaroonline.com.ar\/?p=1799"},"modified":"2024-08-20T10:17:08","modified_gmt":"2024-08-20T13:17:08","slug":"promueven-poner-el-valor-el-sitio-arqueologico-de-rincon-chico-en-santa-maria","status":"publish","type":"post","link":"https:\/\/elfaroonline.com.ar\/index.php\/2024\/08\/20\/promueven-poner-el-valor-el-sitio-arqueologico-de-rincon-chico-en-santa-maria\/","title":{"rendered":"Promueven poner el valor el sitio arqueol\u00f3gico de Rinc\u00f3n Chico en Santa Mar\u00eda"},"content":{"rendered":"<p>El gobernador Ra\u00fal Jalil junto a la intendenta \u00c9rica Inga y el ministro de Infraestructura y Obras Civiles, Juan Marchetti, visitaron el sitio arqueol\u00f3gico Rinc\u00f3n Chico, ubicado en el departamento de Santa Mar\u00eda, con el objeto de evaluar una l\u00ednea de trabajo que tenga como fin avanzar en una puesta en valor este espacio cultural\/ancestral.<\/p>\n<p>Sobre el espacio arqueol\u00f3gico ya se han realizado diferentes estudios tendientes a la conservaci\u00f3n del lugar, puesto que es donde vivieron las primeras poblaciones que dieron vida a Santa Mar\u00eda. En este diagn\u00f3stico participaron diferentes profesionales pertenecientes al Instituto Nacional de Antropolog\u00eda y Pensamiento Latinoamericano (INAPL).<\/p>\n<p>Durante la recorrida con el mandatario provincial, la directora de Turismo de Santa Mar\u00eda, Olga Valderrama, explic\u00f3 que la visita del Gobernador obedece a la idea de llevar adelante un proyecto tendiente a poner en valor este espacio arqueol\u00f3gico en particular. \u201cSe trata de un viejo anhelo que posee la comunidad santamariana, dando su impacto en materia de turismo que posee\u201d, explic\u00f3 la funcionaria municipal al tiempo que asegur\u00f3 que \u201cse trata de un lugar que ya posee su plan de manejo y conservaci\u00f3n pero requiere de otras acciones, que permitan fortalecer el trabajo que all\u00ed se realiza\u201d.<\/p>\n<p>La recorrida permiti\u00f3 a las autoridades provinciales conocer en terreno las posibilidades de desarrollo en materia cultural y tur\u00edstica que posee a los efectos de comenzar a estructurar y dise\u00f1ar un plan de trabajo y obras de infraestructura que permitan el desarrollo en pleno de las bondades que presenta este sitio en particular.<\/p>\n<p>La localidad arqueol\u00f3gica de Rinc\u00f3n Chico se encuentra ubicada sobre la margen izquierda del R\u00edo Santa Mar\u00eda, a aproximadamente cinco kil\u00f3metros hacia el oeste de la actual ciudad de Santa Mar\u00eda y abarca un \u00e1rea aproximada de quinientas hect\u00e1reas. Las investigaciones efectuadas all\u00ed y que contin\u00faan hasta el presente, han abordado diferentes aspectos del modo de vida y las transformaciones hist\u00f3ricas de las sociedades abor\u00edgenes de Yocavil en los momentos tard\u00edos. La atenci\u00f3n ha estado centrada en la organizaci\u00f3n del espacio de asentamiento, en las formas de producci\u00f3n de distintos tipos de bienes y en las expresiones materiales de diversas formas de simbolismo en el paisaje, en la arquitectura y en los bienes producidos. Sobre la base de esos estudios se ha intentado calibrar, desde la arqueolog\u00eda, los procesos de cambio generados en el seno de las sociedades de Yocavil y las situaciones que se derivaron de la ocupaci\u00f3n, en primer lugar incaica, y luego hisp\u00e1nica en la regi\u00f3n.<\/p>\n","protected":false},"excerpt":{"rendered":"<p>El gobernador Ra\u00fal Jalil junto a la intendenta \u00c9rica Inga y el ministro de Infraestructura y Obras Civiles, Juan Marchetti, visitaron el sitio arqueol\u00f3gico Rinc\u00f3n Chico, ubicado en el departamento de Santa Mar\u00eda, con el objeto de evaluar una l\u00ednea de trabajo que tenga como fin avanzar en una puesta en valor este espacio cultural\/ancestral. [&hellip;]<\/p>\n","protected":false},"author":2,"featured_media":1800,"comment_status":"open","ping_status":"open","sticky":false,"template":"","format":"standard","meta":{"footnotes":""},"categories":[20],"tags":[],"class_list":{"0":"post-1799","1":"post","2":"type-post","3":"status-publish","4":"format-standard","5":"has-post-thumbnail","7":"category-sociedad"},"aioseo_notices":[],"_links":{"self":[{"href":"https:\/\/elfaroonline.com.ar\/index.php\/wp-json\/wp\/v2\/posts\/1799","targetHints":{"allow":["GET"]}}],"collection":[{"href":"https:\/\/elfaroonline.com.ar\/index.php\/wp-json\/wp\/v2\/posts"}],"about":[{"href":"https:\/\/elfaroonline.com.ar\/index.php\/wp-json\/wp\/v2\/types\/post"}],"author":[{"embeddable":true,"href":"https:\/\/elfaroonline.com.ar\/index.php\/wp-json\/wp\/v2\/users\/2"}],"replies":[{"embeddable":true,"href":"https:\/\/elfaroonline.com.ar\/index.php\/wp-json\/wp\/v2\/comments?post=1799"}],"version-history":[{"count":1,"href":"https:\/\/elfaroonline.com.ar\/index.php\/wp-json\/wp\/v2\/posts\/1799\/revisions"}],"predecessor-version":[{"id":1801,"href":"https:\/\/elfaroonline.com.ar\/index.php\/wp-json\/wp\/v2\/posts\/1799\/revisions\/1801"}],"wp:featuredmedia":[{"embeddable":true,"href":"https:\/\/elfaroonline.com.ar\/index.php\/wp-json\/wp\/v2\/media\/1800"}],"wp:attachment":[{"href":"https:\/\/elfaroonline.com.ar\/index.php\/wp-json\/wp\/v2\/media?parent=1799"}],"wp:term":[{"taxonomy":"category","embeddable":true,"href":"https:\/\/elfaroonline.com.ar\/index.php\/wp-json\/wp\/v2\/categories?post=1799"},{"taxonomy":"post_tag","embeddable":true,"href":"https:\/\/elfaroonline.com.ar\/index.php\/wp-json\/wp\/v2\/tags?post=1799"}],"curies":[{"name":"wp","href":"https:\/\/api.w.org\/{rel}","templated":true}]}}