{"id":1808,"date":"2024-08-20T10:24:27","date_gmt":"2024-08-20T13:24:27","guid":{"rendered":"https:\/\/elfaroonline.com.ar\/?p=1808"},"modified":"2024-08-20T10:24:27","modified_gmt":"2024-08-20T13:24:27","slug":"doce-nuevas-familias-tienen-su-casa-propia-en-los-altos","status":"publish","type":"post","link":"https:\/\/elfaroonline.com.ar\/index.php\/2024\/08\/20\/doce-nuevas-familias-tienen-su-casa-propia-en-los-altos\/","title":{"rendered":"Doce nuevas familias tienen su casa propia en Los Altos"},"content":{"rendered":"<p>&nbsp;<\/p>\n<p>El gobernador Ra\u00fal Jalil, acompa\u00f1ado por el intendente Ra\u00fal Barot y el ministro de Vivienda y Urbanizaci\u00f3n, Fidel S\u00e1enz, encabez\u00f3 la entrega de 12 viviendas sociales en la localidad de Los Altos. Estas nuevas unidades habitacionales, cada una con una superficie de 47 metros cuadrados, incluyen dos dormitorios, termotanque el\u00e9ctrico y equipamiento completo de cocina y ba\u00f1o.<\/p>\n<p>Durante la ceremonia, el intendente Ra\u00fal Barot expres\u00f3 su agradecimiento y destac\u00f3 el compromiso del gobierno provincial en mejorar las condiciones de vida de los habitantes de Los Altos. &#8220;Sin el apoyo del gobierno provincial, esto no ser\u00eda una realidad. Hoy, una familia puede dignificarse al tener un techo propio&#8221;, afirm\u00f3 Barot, subrayando el esfuerzo conjunto entre el municipio y la provincia.<\/p>\n<p>Resalt\u00f3 el trabajo del Ministerio de la Vivienda y Urbanizaci\u00f3n para encontrar respuestas a las necesidades de h\u00e1bitat de las familias catamarque\u00f1as. &#8220;No creo que haya otro gobierno en el pa\u00eds que ofrezca tantas soluciones habitacionales, ya sea en forma de barrios o viviendas sociales. El gobierno provincial est\u00e1 verdaderamente comprometido en mejorar las condiciones de vida de nosotros, los comprovincianos&#8221;, afirm\u00f3 Barot. Finalmente, el jefe comunal se comprometi\u00f3 a continuar trabajando en conjunto con las autoridades provinciales para seguir brindando soluciones habitacionales a los vecinos de Los Altos.<\/p>\n<p>Mar\u00eda \u00c1lvarez, beneficiaria de una vivienda, expres\u00f3 su profundo agradecimiento por la oportunidad de recibir un hogar. &#8220;Quiero agradecer infinitamente por esta vivienda&#8221;, dijo Mar\u00eda, visiblemente emocionada. &#8220;Mis hijos van a la escuela y nos quedaba muy lejos, as\u00ed que esto es un gran alivio para nosotros&#8221; acot\u00f3. Adem\u00e1s, destac\u00f3 la importancia de ya poder contar con su casa en un momento econ\u00f3mico dif\u00edcil y agradeci\u00f3 a las autoridades por brindarles una oportunidad para mejorar su calidad de vida.<\/p>\n<p>La entrega de viviendas tambi\u00e9n cont\u00f3 con la presencia del ministro de Industria, Comercio y Empleo, Sebasti\u00e1n Caria; la ministra de Seguridad, Fabiola Segura; la presidenta de la C\u00e1mara de Diputados, Paola Fedeli; los diputados provinciales Dami\u00e1n Brizuela y Juan Carlos Ledesma; y el senador departamental F\u00e9lix Jerez, entre otras autoridades.<\/p>\n","protected":false},"excerpt":{"rendered":"<p>&nbsp; El gobernador Ra\u00fal Jalil, acompa\u00f1ado por el intendente Ra\u00fal Barot y el ministro de Vivienda y Urbanizaci\u00f3n, Fidel S\u00e1enz, encabez\u00f3 la entrega de 12 viviendas sociales en la localidad de Los Altos. Estas nuevas unidades habitacionales, cada una con una superficie de 47 metros cuadrados, incluyen dos dormitorios, termotanque el\u00e9ctrico y equipamiento completo de [&hellip;]<\/p>\n","protected":false},"author":2,"featured_media":1809,"comment_status":"open","ping_status":"open","sticky":false,"template":"","format":"standard","meta":{"footnotes":""},"categories":[23,21],"tags":[],"class_list":{"0":"post-1808","1":"post","2":"type-post","3":"status-publish","4":"format-standard","5":"has-post-thumbnail","7":"category-destacados","8":"category-politica"},"aioseo_notices":[],"_links":{"self":[{"href":"https:\/\/elfaroonline.com.ar\/index.php\/wp-json\/wp\/v2\/posts\/1808","targetHints":{"allow":["GET"]}}],"collection":[{"href":"https:\/\/elfaroonline.com.ar\/index.php\/wp-json\/wp\/v2\/posts"}],"about":[{"href":"https:\/\/elfaroonline.com.ar\/index.php\/wp-json\/wp\/v2\/types\/post"}],"author":[{"embeddable":true,"href":"https:\/\/elfaroonline.com.ar\/index.php\/wp-json\/wp\/v2\/users\/2"}],"replies":[{"embeddable":true,"href":"https:\/\/elfaroonline.com.ar\/index.php\/wp-json\/wp\/v2\/comments?post=1808"}],"version-history":[{"count":1,"href":"https:\/\/elfaroonline.com.ar\/index.php\/wp-json\/wp\/v2\/posts\/1808\/revisions"}],"predecessor-version":[{"id":1810,"href":"https:\/\/elfaroonline.com.ar\/index.php\/wp-json\/wp\/v2\/posts\/1808\/revisions\/1810"}],"wp:featuredmedia":[{"embeddable":true,"href":"https:\/\/elfaroonline.com.ar\/index.php\/wp-json\/wp\/v2\/media\/1809"}],"wp:attachment":[{"href":"https:\/\/elfaroonline.com.ar\/index.php\/wp-json\/wp\/v2\/media?parent=1808"}],"wp:term":[{"taxonomy":"category","embeddable":true,"href":"https:\/\/elfaroonline.com.ar\/index.php\/wp-json\/wp\/v2\/categories?post=1808"},{"taxonomy":"post_tag","embeddable":true,"href":"https:\/\/elfaroonline.com.ar\/index.php\/wp-json\/wp\/v2\/tags?post=1808"}],"curies":[{"name":"wp","href":"https:\/\/api.w.org\/{rel}","templated":true}]}}