{"id":1811,"date":"2024-08-20T10:26:43","date_gmt":"2024-08-20T13:26:43","guid":{"rendered":"https:\/\/elfaroonline.com.ar\/?p=1811"},"modified":"2024-08-20T10:26:43","modified_gmt":"2024-08-20T13:26:43","slug":"el-gobierno-provincial-inauguro-una-nueva-plaza-en-el-interior-en-homenaje-al-general-jose-de-san-martin","status":"publish","type":"post","link":"https:\/\/elfaroonline.com.ar\/index.php\/2024\/08\/20\/el-gobierno-provincial-inauguro-una-nueva-plaza-en-el-interior-en-homenaje-al-general-jose-de-san-martin\/","title":{"rendered":"El Gobierno Provincial inaugur\u00f3 una nueva plaza en el interior en homenaje al General Jos\u00e9 de San Mart\u00edn"},"content":{"rendered":"<p>&nbsp;<\/p>\n<p>En el marco de la conmemoraci\u00f3n del 174\u00b0 aniversario del Paso a la Inmortalidad del General Jos\u00e9 de San Mart\u00edn, el gobernador Ra\u00fal Jalil dej\u00f3 inaugurada la plaza en el centro de Los Altos que lleva el nombre del h\u00e9roe nacional.<\/p>\n<p>Acompa\u00f1ado por el intendente Ra\u00fal Barot, el senador departamental F\u00e9lix Jerez y parte de su gabinete, la inauguraci\u00f3n de la plaza fue el cierre de una jornada cargada de trabajo en el Este catamarque\u00f1o.<\/p>\n<p>El espacio p\u00fablico fue reconstruido con el objetivo de revalorizar y embellecer el casco c\u00e9ntrico de Los Altos y brindar un espacio de recreaci\u00f3n para los vecinos. La plaza cuenta con la entronaci\u00f3n de una estatua del General Jos\u00e9 de San Mart\u00edn en el centro, juegos infantiles innovadores, parquizado, una fuente de agua, espacios de descansos con mesas y asientos, sistemas de iluminaci\u00f3n led y adoquinado alrededor.<\/p>\n<p>En su discurso, el gobernador Ra\u00fal Jalil expres\u00f3: \u201ccompletamos una jornada de mucho trabajo con acciones que benefician directamente a la poblaci\u00f3n de Los Altos en materia de salud, viviendas, asfaltado y obra p\u00fablica. Catamarca tiene mucho futuro y seguiremos acompa\u00f1ando al municipio en su proceso de transformaci\u00f3n\u201d.<\/p>\n<p>Seguido, el intendente Ra\u00fal Barot agradeci\u00f3 el apoyo y presencia constante del Gobernador para concretar obras en beneficio de los vecinos. \u201cEs un d\u00eda especial para Los Altos con la inauguraci\u00f3n de esta plaza en honor al General San Mart\u00edn. Este era un espacio totalmente abandonado que hoy recuperamos gracias al apoyo de Ra\u00fal y el Gobierno provincial, y embellece el coraz\u00f3n de nuestra jurisdicci\u00f3n\u201d.<\/p>\n<p>En el acto estuvieron presentes la presidenta de la C\u00e1mara de Diputados, Paola Fedeli; los ministros de Educaci\u00f3n, Dalmacio Mera; de Industria, Comercio y Empleo, Sebasti\u00e1n Caria y de Seguridad, Fabiola Segura; los intendentes de Valle Viejo, Susana Zenteno; de Santa Rosa, Mario P\u00e1ez; de Ica\u00f1o, Franco Carletta; de Huillapima, Omar Soria; y de El Alto, Ariel Ojeda; y los diputados provinciales Dami\u00e1n Brizuela y Juan Carlos Ledesma, entre otras autoridades.<\/p>\n","protected":false},"excerpt":{"rendered":"<p>&nbsp; En el marco de la conmemoraci\u00f3n del 174\u00b0 aniversario del Paso a la Inmortalidad del General Jos\u00e9 de San Mart\u00edn, el gobernador Ra\u00fal Jalil dej\u00f3 inaugurada la plaza en el centro de Los Altos que lleva el nombre del h\u00e9roe nacional. Acompa\u00f1ado por el intendente Ra\u00fal Barot, el senador departamental F\u00e9lix Jerez y parte [&hellip;]<\/p>\n","protected":false},"author":2,"featured_media":1812,"comment_status":"open","ping_status":"open","sticky":false,"template":"","format":"standard","meta":{"footnotes":""},"categories":[23,21],"tags":[],"class_list":{"0":"post-1811","1":"post","2":"type-post","3":"status-publish","4":"format-standard","5":"has-post-thumbnail","7":"category-destacados","8":"category-politica"},"aioseo_notices":[],"_links":{"self":[{"href":"https:\/\/elfaroonline.com.ar\/index.php\/wp-json\/wp\/v2\/posts\/1811","targetHints":{"allow":["GET"]}}],"collection":[{"href":"https:\/\/elfaroonline.com.ar\/index.php\/wp-json\/wp\/v2\/posts"}],"about":[{"href":"https:\/\/elfaroonline.com.ar\/index.php\/wp-json\/wp\/v2\/types\/post"}],"author":[{"embeddable":true,"href":"https:\/\/elfaroonline.com.ar\/index.php\/wp-json\/wp\/v2\/users\/2"}],"replies":[{"embeddable":true,"href":"https:\/\/elfaroonline.com.ar\/index.php\/wp-json\/wp\/v2\/comments?post=1811"}],"version-history":[{"count":1,"href":"https:\/\/elfaroonline.com.ar\/index.php\/wp-json\/wp\/v2\/posts\/1811\/revisions"}],"predecessor-version":[{"id":1813,"href":"https:\/\/elfaroonline.com.ar\/index.php\/wp-json\/wp\/v2\/posts\/1811\/revisions\/1813"}],"wp:featuredmedia":[{"embeddable":true,"href":"https:\/\/elfaroonline.com.ar\/index.php\/wp-json\/wp\/v2\/media\/1812"}],"wp:attachment":[{"href":"https:\/\/elfaroonline.com.ar\/index.php\/wp-json\/wp\/v2\/media?parent=1811"}],"wp:term":[{"taxonomy":"category","embeddable":true,"href":"https:\/\/elfaroonline.com.ar\/index.php\/wp-json\/wp\/v2\/categories?post=1811"},{"taxonomy":"post_tag","embeddable":true,"href":"https:\/\/elfaroonline.com.ar\/index.php\/wp-json\/wp\/v2\/tags?post=1811"}],"curies":[{"name":"wp","href":"https:\/\/api.w.org\/{rel}","templated":true}]}}