{"id":1814,"date":"2024-08-20T10:28:59","date_gmt":"2024-08-20T13:28:59","guid":{"rendered":"https:\/\/elfaroonline.com.ar\/?p=1814"},"modified":"2024-08-20T10:28:59","modified_gmt":"2024-08-20T13:28:59","slug":"catamarca-celebrara-el-aniversario-de-su-autonomia-con-la-inauguracion-de-un-nuevo-puente","status":"publish","type":"post","link":"https:\/\/elfaroonline.com.ar\/index.php\/2024\/08\/20\/catamarca-celebrara-el-aniversario-de-su-autonomia-con-la-inauguracion-de-un-nuevo-puente\/","title":{"rendered":"Catamarca celebrar\u00e1 el aniversario de su Autonom\u00eda con la inauguraci\u00f3n de un nuevo puente"},"content":{"rendered":"<p>&nbsp;<\/p>\n<p>El gobernador Ra\u00fal Jalil mantuvo un encuentro de trabajo con los intendentes de Ambato para dialogar sobre las obras p\u00fablicas que se realizan en el departamento y confirmar la inauguraci\u00f3n de un nuevo puente, en v\u00edsperas del aniversario de la autonom\u00eda provincial.<\/p>\n<p>En el marco de esta reuni\u00f3n, se confirm\u00f3 que el pr\u00f3ximo s\u00e1bado 24 de agosto se llevar\u00e1 a cabo el festejo por el 203\u00b0 aniversario de la Autonom\u00eda de Catamarca en la localidad de Los Varela, posterior a la inauguraci\u00f3n del puente en Singuil (ser\u00e1 el 8vo puente inaugurado en la gesti\u00f3n), una obra de relevancia que forma parte del proyecto de pavimentaci\u00f3n de Ruta Provincial N\u00b01 que conecta el Valle Central con Aconquija.<\/p>\n<p>En el encuentro tambi\u00e9n se destac\u00f3 la importancia de continuar con el desarrollo de infraestructura que beneficie a los habitantes de Ambato. En materia de obras, el Gobierno provincial lleva adelante la construcci\u00f3n de viviendas, pavimentaci\u00f3n, puentes (en Las Juntas), entre otras intervenciones.<\/p>\n<p>El encuentro cont\u00f3 con la presencia del ministro de Gobierno, Justicia y Derechos Humanos, Fernando \u00c1vila; la secretaria de Asuntos Municipales, Agustina Prieto; los intendentes Patricio Villafa\u00f1ez (Los Varela), Jorge Herrera (Las Juntas), Armando Seco Santamarina (El Rodeo) y Osvaldo G\u00f3mez (La Puerta), quienes coincidieron en la importancia de estas obras para el desarrollo de sus comunidades.<\/p>\n","protected":false},"excerpt":{"rendered":"<p>&nbsp; El gobernador Ra\u00fal Jalil mantuvo un encuentro de trabajo con los intendentes de Ambato para dialogar sobre las obras p\u00fablicas que se realizan en el departamento y confirmar la inauguraci\u00f3n de un nuevo puente, en v\u00edsperas del aniversario de la autonom\u00eda provincial. En el marco de esta reuni\u00f3n, se confirm\u00f3 que el pr\u00f3ximo s\u00e1bado [&hellip;]<\/p>\n","protected":false},"author":2,"featured_media":1815,"comment_status":"open","ping_status":"open","sticky":false,"template":"","format":"standard","meta":{"footnotes":""},"categories":[23,21],"tags":[],"class_list":{"0":"post-1814","1":"post","2":"type-post","3":"status-publish","4":"format-standard","5":"has-post-thumbnail","7":"category-destacados","8":"category-politica"},"aioseo_notices":[],"_links":{"self":[{"href":"https:\/\/elfaroonline.com.ar\/index.php\/wp-json\/wp\/v2\/posts\/1814","targetHints":{"allow":["GET"]}}],"collection":[{"href":"https:\/\/elfaroonline.com.ar\/index.php\/wp-json\/wp\/v2\/posts"}],"about":[{"href":"https:\/\/elfaroonline.com.ar\/index.php\/wp-json\/wp\/v2\/types\/post"}],"author":[{"embeddable":true,"href":"https:\/\/elfaroonline.com.ar\/index.php\/wp-json\/wp\/v2\/users\/2"}],"replies":[{"embeddable":true,"href":"https:\/\/elfaroonline.com.ar\/index.php\/wp-json\/wp\/v2\/comments?post=1814"}],"version-history":[{"count":1,"href":"https:\/\/elfaroonline.com.ar\/index.php\/wp-json\/wp\/v2\/posts\/1814\/revisions"}],"predecessor-version":[{"id":1816,"href":"https:\/\/elfaroonline.com.ar\/index.php\/wp-json\/wp\/v2\/posts\/1814\/revisions\/1816"}],"wp:featuredmedia":[{"embeddable":true,"href":"https:\/\/elfaroonline.com.ar\/index.php\/wp-json\/wp\/v2\/media\/1815"}],"wp:attachment":[{"href":"https:\/\/elfaroonline.com.ar\/index.php\/wp-json\/wp\/v2\/media?parent=1814"}],"wp:term":[{"taxonomy":"category","embeddable":true,"href":"https:\/\/elfaroonline.com.ar\/index.php\/wp-json\/wp\/v2\/categories?post=1814"},{"taxonomy":"post_tag","embeddable":true,"href":"https:\/\/elfaroonline.com.ar\/index.php\/wp-json\/wp\/v2\/tags?post=1814"}],"curies":[{"name":"wp","href":"https:\/\/api.w.org\/{rel}","templated":true}]}}