{"id":1817,"date":"2024-08-20T10:36:15","date_gmt":"2024-08-20T13:36:15","guid":{"rendered":"https:\/\/elfaroonline.com.ar\/?p=1817"},"modified":"2024-08-20T10:36:15","modified_gmt":"2024-08-20T13:36:15","slug":"el-congreso-habilito-un-aumento-igual-al-de-la-administracion-nacional-los-senadores-cobraran-83-millones-bruto","status":"publish","type":"post","link":"https:\/\/elfaroonline.com.ar\/index.php\/2024\/08\/20\/el-congreso-habilito-un-aumento-igual-al-de-la-administracion-nacional-los-senadores-cobraran-83-millones-bruto\/","title":{"rendered":"El Congreso habilit\u00f3 un aumento igual al de la administraci\u00f3n nacional: los senadores cobrar\u00e1n $8,3 millones bruto"},"content":{"rendered":"<p>Autoridades de ambas C\u00e1maras del Congreso copiaron el aumento para sus empleados que otorg\u00f3 la administraci\u00f3n nacional para julio y agosto, de 3,5% y 3%, respectivamente. Bajo estos preceptos,<b> los senadores cobrar\u00e1n el mes pr\u00f3ximo cerca de $8,3 millones en bruto.<\/b><\/p>\n<p>La firma de la nueva paritaria -para julio y agosto- ocurri\u00f3 esta tarde. La diferencia entre Diputados y el Senado es que la suba para todos los trabajadores del Congreso funciona de manera distinta para los legisladores, seg\u00fan cada C\u00e1mara.<\/p>\n<p>En abril del corriente a\u00f1o, los senadores llevaron al recinto y aprobaron un proyecto que establece que las dietas pasar\u00e1n a estar conformadas por 2.500 m\u00f3dulos, m\u00e1s un adicional de 1.000 m\u00f3dulos por gastos de representaci\u00f3n y 500 m\u00f3dulos de adicional por desarraigo. Sobre el \u00faltimo punto, s\u00f3lo cuatro legisladores no lo cobran en la actualidad.<\/p>\n<p>La iniciativa que se autogestionaron en aquella ocasi\u00f3n los senadores agreg\u00f3 una dieta m\u00e1s a las 12 que exist\u00edan antes, para compensar el aguinaldo. Lo curioso de lo ocurrido este lunes no es tanto la suba -misma que en la administraci\u00f3n nacional-, que es para todos los empleados del Congreso, sino lo acontecido la semana pasada.<\/p>\n<p>El martes \u00faltimo, en la reuni\u00f3n de Labor Parlamentaria en la que se decidi\u00f3 posponer la sesi\u00f3n por jubilaciones -ser\u00e1 el jueves-, la definici\u00f3n de la paritaria para todos los agentes que trabajan en el Congreso fue adelantada por la vicepresidenta y titular del Senado, <b>Victoria Villarruel<\/b>. Tambi\u00e9n estaba al tanto de todo esto su par de Diputados, <b>Mart\u00edn Menem<\/b>. All\u00ed, los legisladores cobran menos en mano y utilizan otra mec\u00e1nica.<\/p>\n<p class=\"paragraph\" data-mrf-recirculation=\"Links inline\">Durante dicho convite, se mencion\u00f3 la posibilidad de desengancharse de la suba en cuesti\u00f3n. En abril pasado, varios bloques y legisladores -opositores y oficialistas- presentaron notas para no aceptar el aumento votado en el recinto -no es posible llevarlo a cabo-; otros, deslizaron en medios provinciales que lo donar\u00edan. No obstante, en la reuni\u00f3n del martes \u00faltimo, los representantes de las distintas bancadas no emitieron sonido alguno.<\/p>\n<p class=\"paragraph\" data-mrf-recirculation=\"Links inline\">La \u00fanica integrante del Senado que no gozar\u00e1 de esta paritaria ser\u00e1 <b>Alicia Kirchner<\/b>, del Frente de Todos. Antes de ingresar como legisladora y, como suele ocurrir en el Estado, tuvo que llenar un formulario obligatorio y eligi\u00f3 mantener su jubilaci\u00f3n y no el sueldo de parlamentaria.<\/p>\n<p data-mrf-recirculation=\"Links inline\">En la sesi\u00f3n de abril pasado, hubo senadores que se mostraron de acuerdo y despu\u00e9s sacaron los pies del plato; tambi\u00e9n se registraron dos votaciones -una requer\u00eda los dos tercios- a mano alzada y r\u00e1pidas, sin ninguna solicitud para que ambas fueran por medios electr\u00f3nicos, para que no quedara constancia de cada decisi\u00f3n; y tercero, legisladores juguetearon con la mano para no mostrar, en realidad, qu\u00e9 era lo que avalaban.<\/p>\n","protected":false},"excerpt":{"rendered":"<p>Autoridades de ambas C\u00e1maras del Congreso copiaron el aumento para sus empleados que otorg\u00f3 la administraci\u00f3n nacional para julio y agosto, de 3,5% y 3%, respectivamente. Bajo estos preceptos, los senadores cobrar\u00e1n el mes pr\u00f3ximo cerca de $8,3 millones en bruto. La firma de la nueva paritaria -para julio y agosto- ocurri\u00f3 esta tarde. La [&hellip;]<\/p>\n","protected":false},"author":2,"featured_media":1818,"comment_status":"open","ping_status":"open","sticky":false,"template":"","format":"standard","meta":{"footnotes":""},"categories":[22,21],"tags":[],"class_list":{"0":"post-1817","1":"post","2":"type-post","3":"status-publish","4":"format-standard","5":"has-post-thumbnail","7":"category-nacionales","8":"category-politica"},"aioseo_notices":[],"_links":{"self":[{"href":"https:\/\/elfaroonline.com.ar\/index.php\/wp-json\/wp\/v2\/posts\/1817","targetHints":{"allow":["GET"]}}],"collection":[{"href":"https:\/\/elfaroonline.com.ar\/index.php\/wp-json\/wp\/v2\/posts"}],"about":[{"href":"https:\/\/elfaroonline.com.ar\/index.php\/wp-json\/wp\/v2\/types\/post"}],"author":[{"embeddable":true,"href":"https:\/\/elfaroonline.com.ar\/index.php\/wp-json\/wp\/v2\/users\/2"}],"replies":[{"embeddable":true,"href":"https:\/\/elfaroonline.com.ar\/index.php\/wp-json\/wp\/v2\/comments?post=1817"}],"version-history":[{"count":1,"href":"https:\/\/elfaroonline.com.ar\/index.php\/wp-json\/wp\/v2\/posts\/1817\/revisions"}],"predecessor-version":[{"id":1819,"href":"https:\/\/elfaroonline.com.ar\/index.php\/wp-json\/wp\/v2\/posts\/1817\/revisions\/1819"}],"wp:featuredmedia":[{"embeddable":true,"href":"https:\/\/elfaroonline.com.ar\/index.php\/wp-json\/wp\/v2\/media\/1818"}],"wp:attachment":[{"href":"https:\/\/elfaroonline.com.ar\/index.php\/wp-json\/wp\/v2\/media?parent=1817"}],"wp:term":[{"taxonomy":"category","embeddable":true,"href":"https:\/\/elfaroonline.com.ar\/index.php\/wp-json\/wp\/v2\/categories?post=1817"},{"taxonomy":"post_tag","embeddable":true,"href":"https:\/\/elfaroonline.com.ar\/index.php\/wp-json\/wp\/v2\/tags?post=1817"}],"curies":[{"name":"wp","href":"https:\/\/api.w.org\/{rel}","templated":true}]}}