{"id":1820,"date":"2024-08-20T10:39:11","date_gmt":"2024-08-20T13:39:11","guid":{"rendered":"https:\/\/elfaroonline.com.ar\/?p=1820"},"modified":"2024-08-20T10:39:11","modified_gmt":"2024-08-20T13:39:11","slug":"es-una-traicion-al-pueblo-argentino-javier-milei-cuestiono-el-nuevo-aumento-en-la-dieta-de-los-senadores","status":"publish","type":"post","link":"https:\/\/elfaroonline.com.ar\/index.php\/2024\/08\/20\/es-una-traicion-al-pueblo-argentino-javier-milei-cuestiono-el-nuevo-aumento-en-la-dieta-de-los-senadores\/","title":{"rendered":"\u201cEs una traici\u00f3n al pueblo argentino\u201d: Javier Milei cuestion\u00f3 el nuevo aumento en la dieta de los senadores"},"content":{"rendered":"<p>\u201c<b>Expreso mi m\u00e1ximo repudio al vergonzoso aumento de sueldo que acaba de ocurrir en la C\u00e1mara de Senadores<\/b>\u201d, es la frase que resume la publicaci\u00f3n del presidente <b>Javier Milei<\/b> en su cuenta de X, en la que se refiri\u00f3 a la novedad que lleg\u00f3 este lunes desde la c\u00e1mara alta en el Congreso.<\/p>\n<p>El jefe de Estado defendi\u00f3 el congelamiento que mantiene en el \u00e1mbito del Poder Ejecutivo y apunt\u00f3 contra los senadores nacionales. \u201c<b>\u00bfQui\u00e9n cobra 9 palos por mes?<\/b> Nadie\u201d, insisti\u00f3.<\/p>\n<p>El Presidente hizo menci\u00f3n a la autorizaci\u00f3n que recibieron los legisladores en las \u00faltimas jornadas. Autoridades de ambas C\u00e1maras del Congreso replicaron el aumento que obtuvieron los empleados, otorgado por la administraci\u00f3n nacional para julio y agosto, de 3,5% y 3%, respectivamente. Bajo estos preceptos, los senadores cobrar\u00e1n el mes pr\u00f3ximo cerca de $8,3 millones en bruto.<\/p>\n<p class=\"paragraph\" data-mrf-recirculation=\"Links inline\">\u201cCobrar 9 millones de pesos en este contexto es m\u00e1s que una burla, <b>es traici\u00f3n al pueblo trabajador<\/b>. Una vez m\u00e1s, la casta pol\u00edtica se niega a soltar sus privilegios mientras el pueblo sufre las consecuencias. Repudio cada una de las firmas que dieron lugar a \u00e9ste despilfarro a favor de los pol\u00edticos y en contra de los argentinos\u201d, enfatiz\u00f3 el libertario.<\/p>\n<p class=\"paragraph\" data-mrf-recirculation=\"Links inline\">Luego, evit\u00f3 mencionar puntualizar en los art\u00edfices de la medida. \u201c<b>No se quien fue el responsable de semejante burla<\/b> pero quienes han avalado estos atropellos a los trabajadores sufrir\u00e1n las consecuencias en las urnas cuando el pueblo se exprese mediante el voto\u201d, sostuvo.<\/p>\n","protected":false},"excerpt":{"rendered":"<p>\u201cExpreso mi m\u00e1ximo repudio al vergonzoso aumento de sueldo que acaba de ocurrir en la C\u00e1mara de Senadores\u201d, es la frase que resume la publicaci\u00f3n del presidente Javier Milei en su cuenta de X, en la que se refiri\u00f3 a la novedad que lleg\u00f3 este lunes desde la c\u00e1mara alta en el Congreso. El jefe [&hellip;]<\/p>\n","protected":false},"author":2,"featured_media":1821,"comment_status":"open","ping_status":"open","sticky":false,"template":"","format":"standard","meta":{"footnotes":""},"categories":[22,21],"tags":[],"class_list":{"0":"post-1820","1":"post","2":"type-post","3":"status-publish","4":"format-standard","5":"has-post-thumbnail","7":"category-nacionales","8":"category-politica"},"aioseo_notices":[],"_links":{"self":[{"href":"https:\/\/elfaroonline.com.ar\/index.php\/wp-json\/wp\/v2\/posts\/1820","targetHints":{"allow":["GET"]}}],"collection":[{"href":"https:\/\/elfaroonline.com.ar\/index.php\/wp-json\/wp\/v2\/posts"}],"about":[{"href":"https:\/\/elfaroonline.com.ar\/index.php\/wp-json\/wp\/v2\/types\/post"}],"author":[{"embeddable":true,"href":"https:\/\/elfaroonline.com.ar\/index.php\/wp-json\/wp\/v2\/users\/2"}],"replies":[{"embeddable":true,"href":"https:\/\/elfaroonline.com.ar\/index.php\/wp-json\/wp\/v2\/comments?post=1820"}],"version-history":[{"count":1,"href":"https:\/\/elfaroonline.com.ar\/index.php\/wp-json\/wp\/v2\/posts\/1820\/revisions"}],"predecessor-version":[{"id":1822,"href":"https:\/\/elfaroonline.com.ar\/index.php\/wp-json\/wp\/v2\/posts\/1820\/revisions\/1822"}],"wp:featuredmedia":[{"embeddable":true,"href":"https:\/\/elfaroonline.com.ar\/index.php\/wp-json\/wp\/v2\/media\/1821"}],"wp:attachment":[{"href":"https:\/\/elfaroonline.com.ar\/index.php\/wp-json\/wp\/v2\/media?parent=1820"}],"wp:term":[{"taxonomy":"category","embeddable":true,"href":"https:\/\/elfaroonline.com.ar\/index.php\/wp-json\/wp\/v2\/categories?post=1820"},{"taxonomy":"post_tag","embeddable":true,"href":"https:\/\/elfaroonline.com.ar\/index.php\/wp-json\/wp\/v2\/tags?post=1820"}],"curies":[{"name":"wp","href":"https:\/\/api.w.org\/{rel}","templated":true}]}}