{"id":1823,"date":"2024-08-20T10:44:40","date_gmt":"2024-08-20T13:44:40","guid":{"rendered":"https:\/\/elfaroonline.com.ar\/?p=1823"},"modified":"2024-08-20T10:44:40","modified_gmt":"2024-08-20T13:44:40","slug":"cayo-el-principal-sospechoso-del-asesinato-del-trader-en-burzaco","status":"publish","type":"post","link":"https:\/\/elfaroonline.com.ar\/index.php\/2024\/08\/20\/cayo-el-principal-sospechoso-del-asesinato-del-trader-en-burzaco\/","title":{"rendered":"Cay\u00f3 el principal sospechoso del asesinato del trader en Burzaco"},"content":{"rendered":"<p>Dylan Exequiel G\u00f3mez fue capturado por la DDI de Lomas de Zamora de la Polic\u00eda Bonaerense, acusado del crimen de Franco Saulle. Sus dos c\u00f3mplices contin\u00faan pr\u00f3fugos.<\/p>\n<p class=\"paragraph\">Saulle falleci\u00f3 tras cuatro d\u00edas de agon\u00eda en una cl\u00ednica de la zona sur; su padre estaba a pocos metros y corri\u00f3 a socorrer a su hijo tras o\u00edr los disparos.<\/p>\n<p class=\"paragraph\"><b>G\u00f3mez, capturado en la esquina de Larroque y 12 de Octubre, en la zona de Villa Centenario, hab\u00eda sido delatado por su cu\u00f1ada, Claudia, acusada de encubrimiento. <\/b>Tras el crimen, la Bonaerense sigui\u00f3 el rastro del auto que us\u00f3 para el ataque, un Peugeot 208, a trav\u00e9s de c\u00e1maras de seguridad. As\u00ed, llegaron a la casa de su cu\u00f1ada en Glew, que lo se\u00f1al\u00f3 con nombre y apellido. En el lugar, los detectives descubrieron el 208 oculto bajo una lona. \u201cVino el Dylan y dej\u00f3 un auto\u201d, dijo la cu\u00f1ada a la Polic\u00eda. <b>Varias huellas de G\u00f3mez, de 19 a\u00f1os tal como su presunta v\u00edctima, se encontraron sobre la carrocer\u00eda: el auto hab\u00eda sido denunciado como robado un d\u00eda antes en Ingeniero Budge.<\/b><\/p>\n<div class=\"inline ad-wrapper amp ad-amp\"><\/div>\n<p class=\"paragraph\">Se descubri\u00f3 luego que G\u00f3mez sol\u00eda dormir en la casa de una t\u00eda en Villa Rita, que fue allanada, pero <b>ya hab\u00eda dejado el lugar. <\/b>Tambi\u00e9n se entr\u00f3 por la fuerza a la celda que ocupaba un hermano mayor del acusado, preso en una c\u00e1rcel del Servicio Penitenciario Bonaerense.<\/p>\n<p class=\"paragraph\"><b>Al menos otros dos hampones actuaron en el ataque.<\/b> Contin\u00faan pr\u00f3fugos hasta hoy mientras la DDI de Lomas de Zamora avanza con la investigaci\u00f3n. Entre otras pruebas, se encontraron las c\u00e1maras de seguridad cercanas al domicilio que Saulle ocupaba, una casa en Adrogu\u00e9.<\/p>\n<div class=\"headline-wrapper\">\n<h2 class=\"header headline-class-h2\">Qu\u00e9 declar\u00f3 el entorno de Saulle<\/h2>\n<\/div>\n<div class=\"inline_2 ad-wrapper ad-mobile amp ad-amp\"><\/div>\n<p class=\"paragraph\">En los \u00faltimos d\u00edas, ante los trolls que postearon comentarios en las redes sociales de Saulle, la UFI N\u00b02 de Almirante Brown difundi\u00f3 un comunicado de prensa en donde afirmaban que l<b>a hip\u00f3tesis principal que investigaban era la del homicidio en ocasi\u00f3n de robo, esto, sin dejar de lado otras hip\u00f3tesis como la del ajuste de cuentas<\/b>, a pesar de que, por ejemplo, los an\u00e1lisis de los metadatos y comunicaciones de la v\u00edctima continuaban pendientes hasta el viernes \u00faltimo.<\/p>\n<p class=\"paragraph\">L.M, un joven de Adrogu\u00e9 de 26 a\u00f1os, se vincul\u00f3 con el joven asesinado en <b>un emprendimiento llamado Cronos<\/b>. Seg\u00fan asegur\u00f3 en una entrevista con este medio, Cronos era <b>una \u201cacademia\u201d dedicada a \u201ceducar\u201d sobre trading de criptomonedas y mercados financiero. <\/b>Era publicitada en stories de Instagram por influencers como Tom\u00e1s Holder. \u201cEs genial\u201d, afirm\u00f3 el ex Gran Hermano. L.M no pod\u00eda explicarse por qu\u00e9 hab\u00edan matado a su socio. \u201cNo tengo ning\u00fan tipo de idea. Era un buen pibe. No hab\u00eda ning\u00fan indicio de que pod\u00edan hacerle algo as\u00ed\u201d, afirm\u00f3, mientras desestimaba la chance de que Saulle llevara dinero del hampa. L.M no hab\u00eda declarado en el expediente al momento de la entrevista, realizada el viernes pasado.<\/p>\n<p class=\"paragraph\">Sin embargo, alguien que pertenec\u00eda al c\u00edrculo \u00edntimo de Saulle s\u00ed declar\u00f3 en el expediente. Asegur\u00f3 que <b>el trader se vinculaba con un joven supuestamente dedicado al robo de casas<\/b>, con quien habr\u00eda tenido un conflicto semanas atr\u00e1s \u201cpor una mujer\u201d.<\/p>\n","protected":false},"excerpt":{"rendered":"<p>Dylan Exequiel G\u00f3mez fue capturado por la DDI de Lomas de Zamora de la Polic\u00eda Bonaerense, acusado del crimen de Franco Saulle. Sus dos c\u00f3mplices contin\u00faan pr\u00f3fugos. Saulle falleci\u00f3 tras cuatro d\u00edas de agon\u00eda en una cl\u00ednica de la zona sur; su padre estaba a pocos metros y corri\u00f3 a socorrer a su hijo tras [&hellip;]<\/p>\n","protected":false},"author":2,"featured_media":1824,"comment_status":"open","ping_status":"open","sticky":false,"template":"","format":"standard","meta":{"footnotes":""},"categories":[27],"tags":[],"class_list":{"0":"post-1823","1":"post","2":"type-post","3":"status-publish","4":"format-standard","5":"has-post-thumbnail","7":"category-policiales"},"aioseo_notices":[],"_links":{"self":[{"href":"https:\/\/elfaroonline.com.ar\/index.php\/wp-json\/wp\/v2\/posts\/1823","targetHints":{"allow":["GET"]}}],"collection":[{"href":"https:\/\/elfaroonline.com.ar\/index.php\/wp-json\/wp\/v2\/posts"}],"about":[{"href":"https:\/\/elfaroonline.com.ar\/index.php\/wp-json\/wp\/v2\/types\/post"}],"author":[{"embeddable":true,"href":"https:\/\/elfaroonline.com.ar\/index.php\/wp-json\/wp\/v2\/users\/2"}],"replies":[{"embeddable":true,"href":"https:\/\/elfaroonline.com.ar\/index.php\/wp-json\/wp\/v2\/comments?post=1823"}],"version-history":[{"count":1,"href":"https:\/\/elfaroonline.com.ar\/index.php\/wp-json\/wp\/v2\/posts\/1823\/revisions"}],"predecessor-version":[{"id":1825,"href":"https:\/\/elfaroonline.com.ar\/index.php\/wp-json\/wp\/v2\/posts\/1823\/revisions\/1825"}],"wp:featuredmedia":[{"embeddable":true,"href":"https:\/\/elfaroonline.com.ar\/index.php\/wp-json\/wp\/v2\/media\/1824"}],"wp:attachment":[{"href":"https:\/\/elfaroonline.com.ar\/index.php\/wp-json\/wp\/v2\/media?parent=1823"}],"wp:term":[{"taxonomy":"category","embeddable":true,"href":"https:\/\/elfaroonline.com.ar\/index.php\/wp-json\/wp\/v2\/categories?post=1823"},{"taxonomy":"post_tag","embeddable":true,"href":"https:\/\/elfaroonline.com.ar\/index.php\/wp-json\/wp\/v2\/tags?post=1823"}],"curies":[{"name":"wp","href":"https:\/\/api.w.org\/{rel}","templated":true}]}}