{"id":1826,"date":"2024-08-20T10:47:36","date_gmt":"2024-08-20T13:47:36","guid":{"rendered":"https:\/\/elfaroonline.com.ar\/?p=1826"},"modified":"2024-08-20T10:47:36","modified_gmt":"2024-08-20T13:47:36","slug":"se-realizo-un-acto-en-homenaje-a-la-policia-de-catamarca","status":"publish","type":"post","link":"https:\/\/elfaroonline.com.ar\/index.php\/2024\/08\/20\/se-realizo-un-acto-en-homenaje-a-la-policia-de-catamarca\/","title":{"rendered":"Se realiz\u00f3 un acto en homenaje a la Polic\u00eda de Catamarca"},"content":{"rendered":"<p>En conmemoraci\u00f3n del 201\u00ba aniversario de la Polic\u00eda de Catamarca, se realiz\u00f3 un emotivo acto para rendir homenaje a quienes han dejado una huella perdurable en la instituci\u00f3n. La ceremonia destac\u00f3 la labor y dedicaci\u00f3n de varios grupos dentro de la fuerza. Se reconoci\u00f3 a la Promoci\u00f3n N\u00ba 27 de la Escuela de Cadetes &#8220;Tte. Gral. Juan Domingo Per\u00f3n&#8221; por su dedicaci\u00f3n y esfuerzo al inicio de su carrera policial.<\/p>\n<article class=\"article-body article-body--second-paragraph\">Adem\u00e1s, se celebraron las Bodas de Oro de la Primera Brigada Femenina, conmemorando los 50 a\u00f1os desde su creaci\u00f3n y su impacto en la historia de la instituci\u00f3n. Tambi\u00e9n se homenaje\u00f3 a los oficiales que han cumplido 30 a\u00f1os de servicio, resaltando su compromiso y valent\u00eda.<\/p>\n<p>Un momento especialmente conmovedor fue la entrega de cuadros recordatorios a los familiares de los camaradas ca\u00eddos en cumplimiento del deber, en un esfuerzo por asegurar que su sacrificio no sea olvidado.<\/p>\n<p>El acto fue presidido por la Ministra de Seguridad, acompa\u00f1ada por el Jefe de Polic\u00eda, el Director del Servicio Penitenciario Provincial, la Plana Mayor Policial, efectivos policiales y numerosos invitados y familiares, quienes participaron en este significativo homenaje.<\/p>\n<\/article>\n<div class=\"banner banner--align-center\">\n<div class=\"banner__content-wrapper\">\n<div id=\"div-movil_300x600\" data-google-query-id=\"CKvJtp7ag4gDFbhLuAQd5oEPrw\"><\/div>\n<\/div>\n<\/div>\n","protected":false},"excerpt":{"rendered":"<p>En conmemoraci\u00f3n del 201\u00ba aniversario de la Polic\u00eda de Catamarca, se realiz\u00f3 un emotivo acto para rendir homenaje a quienes han dejado una huella perdurable en la instituci\u00f3n. La ceremonia destac\u00f3 la labor y dedicaci\u00f3n de varios grupos dentro de la fuerza. Se reconoci\u00f3 a la Promoci\u00f3n N\u00ba 27 de la Escuela de Cadetes &#8220;Tte. [&hellip;]<\/p>\n","protected":false},"author":2,"featured_media":1827,"comment_status":"open","ping_status":"open","sticky":false,"template":"","format":"standard","meta":{"footnotes":""},"categories":[27],"tags":[],"class_list":{"0":"post-1826","1":"post","2":"type-post","3":"status-publish","4":"format-standard","5":"has-post-thumbnail","7":"category-policiales"},"aioseo_notices":[],"_links":{"self":[{"href":"https:\/\/elfaroonline.com.ar\/index.php\/wp-json\/wp\/v2\/posts\/1826","targetHints":{"allow":["GET"]}}],"collection":[{"href":"https:\/\/elfaroonline.com.ar\/index.php\/wp-json\/wp\/v2\/posts"}],"about":[{"href":"https:\/\/elfaroonline.com.ar\/index.php\/wp-json\/wp\/v2\/types\/post"}],"author":[{"embeddable":true,"href":"https:\/\/elfaroonline.com.ar\/index.php\/wp-json\/wp\/v2\/users\/2"}],"replies":[{"embeddable":true,"href":"https:\/\/elfaroonline.com.ar\/index.php\/wp-json\/wp\/v2\/comments?post=1826"}],"version-history":[{"count":1,"href":"https:\/\/elfaroonline.com.ar\/index.php\/wp-json\/wp\/v2\/posts\/1826\/revisions"}],"predecessor-version":[{"id":1828,"href":"https:\/\/elfaroonline.com.ar\/index.php\/wp-json\/wp\/v2\/posts\/1826\/revisions\/1828"}],"wp:featuredmedia":[{"embeddable":true,"href":"https:\/\/elfaroonline.com.ar\/index.php\/wp-json\/wp\/v2\/media\/1827"}],"wp:attachment":[{"href":"https:\/\/elfaroonline.com.ar\/index.php\/wp-json\/wp\/v2\/media?parent=1826"}],"wp:term":[{"taxonomy":"category","embeddable":true,"href":"https:\/\/elfaroonline.com.ar\/index.php\/wp-json\/wp\/v2\/categories?post=1826"},{"taxonomy":"post_tag","embeddable":true,"href":"https:\/\/elfaroonline.com.ar\/index.php\/wp-json\/wp\/v2\/tags?post=1826"}],"curies":[{"name":"wp","href":"https:\/\/api.w.org\/{rel}","templated":true}]}}