{"id":1832,"date":"2024-08-20T10:58:07","date_gmt":"2024-08-20T13:58:07","guid":{"rendered":"https:\/\/elfaroonline.com.ar\/?p=1832"},"modified":"2024-08-20T10:58:07","modified_gmt":"2024-08-20T13:58:07","slug":"con-la-ausencia-de-messi-scaloni-confirmo-a-los-citados-para-la-doble-fecha-de-eliminatorias-ante-chile-y-colombia","status":"publish","type":"post","link":"https:\/\/elfaroonline.com.ar\/index.php\/2024\/08\/20\/con-la-ausencia-de-messi-scaloni-confirmo-a-los-citados-para-la-doble-fecha-de-eliminatorias-ante-chile-y-colombia\/","title":{"rendered":"Con la ausencia de Messi, Scaloni confirm\u00f3 a los citados para la doble fecha de Eliminatorias ante Chile y Colombia"},"content":{"rendered":"<p>Despu\u00e9s de la consagraci\u00f3n de la Copa Am\u00e9rica, <b>Lionel Scaloni<\/b> junto a su cuerpo t\u00e9cnico trabajaron de cara a lo que ser\u00e1 el regreso de la competici\u00f3n oficial con una nueva doble fecha de las Eliminatorias Sudamericanas camino al Mundial 2026 a jugarse en Estados Unidos, Canad\u00e1 y M\u00e9xico.<\/p>\n<p>Es por eso que el entrenador campe\u00f3n del mundo <b>convoc\u00f3 a 28 jugadores para los duelos ante Chile, el pr\u00f3ximo 5 de septiembre a las 21 <\/b>en el estadio Monumental, y<b> frente a Colombia, en Bogot\u00e1, cinco d\u00edas m\u00e1s tarde (10 de septiembre) a las 17.30<\/b>.<\/p>\n<p>La novedad saliente es que <b>Lionel Messi no es parte de la citaci\u00f3n<\/b>, ya que todav\u00eda sigue con su recuperaci\u00f3n de la lesi\u00f3n en el tobillo que sufri\u00f3 en la final del torneo continental que coron\u00f3 a la Albiceleste tras vencer 1-0 al conjunto cafetero. Hace pocos d\u00edas, el capit\u00e1n de la selecci\u00f3n argentina public\u00f3 una fotograf\u00eda junto a su esposa Antonela Roccuzzo en el Chase Stadium tras un encuentro del Inter Miami.<\/p>\n<p>En dicha imagen, se pudo observar que aunque su tobillo derecho a\u00fan se encuentra algo hinchado, ya no se muestran moretones o rastros significativos de la lesi\u00f3n, como tampoco el uso de la bota ortop\u00e9dica. \u201c<b>Leo est\u00e1 bien, mejorando cada d\u00eda<\/b>. Sigue en el gimnasio, pero se le ve cada vez mejor. Est\u00e1 dentro de los plazos que venimos pensando\u201d, asegur\u00f3 el <b>Tata Martino<\/b> en la conferencia de prensa hace ya algunos d\u00edas.<\/p>\n<p class=\"paragraph\" data-mrf-recirculation=\"Links inline\">Uno que se sumar\u00e1 al plantel del combinado mayor es <b>Equi Fern\u00e1ndez<\/b>. El ahora ex volante de Boca Juniors, flamante refuerzo del Al Qadsiah del f\u00fatbol \u00e1rabe, viene de representar al seleccionado en los recientes Juegos Ol\u00edmpicos. Otro que tuvo una destacada actuaci\u00f3n en Par\u00eds 2024 fue <b>Giuliano Simeone<\/b>, que tambi\u00e9n es parte de la nueva n\u00f3mina.<\/p>\n<p class=\"paragraph\" data-mrf-recirculation=\"Links inline\">Por su parte, <b>Mat\u00edas Soul\u00e9<\/b>, que ya estuvo en el radar del entrenador y acaba de firmar con la Roma, se sumar\u00e1. El que no volvi\u00f3 a ser convocado tras su ausencia de la Copa Am\u00e9rica fue <b>Paulo Dybala<\/b>.<\/p>\n<p class=\"paragraph\" data-mrf-recirculation=\"Links inline\">Otro de los nuevos citados por Scaloni es <b>Valent\u00edn Castellanos<\/b>. El Tati, que hace un par de a\u00f1os estuvo en la mira de River Plate cuando era goleador de la MLS en el New York City FC, y que desembarc\u00f3 en Europa en 2022 para jugar en el Girona, la temporada pasada lleg\u00f3 a la Lazio, de la Serie A de Italia.<\/p>\n<p class=\"paragraph\" data-mrf-recirculation=\"Links inline\">En relaci\u00f3n a la participaci\u00f3n celeste y blanca en el torneo organizado por la Conmebol en Estados Unidos, dos de los que se quedaron fuera de la convocatoria como <b>Valent\u00edn Barco y Leonardo Balerdi ser\u00e1n tenidos en cuenta nuevamente<\/b>. Uno que no estar\u00e1 es <b>Exequiel Palacios<\/b>: la figura del Bayer Leverkusen no ser\u00e1 de la partida para enfrentar al conjunto de Ricardo Gareca en Buenos Aires y al equipo de N\u00e9stor Lorenzo como visitante.<\/p>\n","protected":false},"excerpt":{"rendered":"<p>Despu\u00e9s de la consagraci\u00f3n de la Copa Am\u00e9rica, Lionel Scaloni junto a su cuerpo t\u00e9cnico trabajaron de cara a lo que ser\u00e1 el regreso de la competici\u00f3n oficial con una nueva doble fecha de las Eliminatorias Sudamericanas camino al Mundial 2026 a jugarse en Estados Unidos, Canad\u00e1 y M\u00e9xico. Es por eso que el entrenador [&hellip;]<\/p>\n","protected":false},"author":2,"featured_media":1833,"comment_status":"open","ping_status":"open","sticky":false,"template":"","format":"standard","meta":{"footnotes":""},"categories":[25],"tags":[],"class_list":{"0":"post-1832","1":"post","2":"type-post","3":"status-publish","4":"format-standard","5":"has-post-thumbnail","7":"category-deportes"},"aioseo_notices":[],"_links":{"self":[{"href":"https:\/\/elfaroonline.com.ar\/index.php\/wp-json\/wp\/v2\/posts\/1832","targetHints":{"allow":["GET"]}}],"collection":[{"href":"https:\/\/elfaroonline.com.ar\/index.php\/wp-json\/wp\/v2\/posts"}],"about":[{"href":"https:\/\/elfaroonline.com.ar\/index.php\/wp-json\/wp\/v2\/types\/post"}],"author":[{"embeddable":true,"href":"https:\/\/elfaroonline.com.ar\/index.php\/wp-json\/wp\/v2\/users\/2"}],"replies":[{"embeddable":true,"href":"https:\/\/elfaroonline.com.ar\/index.php\/wp-json\/wp\/v2\/comments?post=1832"}],"version-history":[{"count":1,"href":"https:\/\/elfaroonline.com.ar\/index.php\/wp-json\/wp\/v2\/posts\/1832\/revisions"}],"predecessor-version":[{"id":1834,"href":"https:\/\/elfaroonline.com.ar\/index.php\/wp-json\/wp\/v2\/posts\/1832\/revisions\/1834"}],"wp:featuredmedia":[{"embeddable":true,"href":"https:\/\/elfaroonline.com.ar\/index.php\/wp-json\/wp\/v2\/media\/1833"}],"wp:attachment":[{"href":"https:\/\/elfaroonline.com.ar\/index.php\/wp-json\/wp\/v2\/media?parent=1832"}],"wp:term":[{"taxonomy":"category","embeddable":true,"href":"https:\/\/elfaroonline.com.ar\/index.php\/wp-json\/wp\/v2\/categories?post=1832"},{"taxonomy":"post_tag","embeddable":true,"href":"https:\/\/elfaroonline.com.ar\/index.php\/wp-json\/wp\/v2\/tags?post=1832"}],"curies":[{"name":"wp","href":"https:\/\/api.w.org\/{rel}","templated":true}]}}