{"id":1838,"date":"2024-08-20T11:12:45","date_gmt":"2024-08-20T14:12:45","guid":{"rendered":"https:\/\/elfaroonline.com.ar\/?p=1838"},"modified":"2024-08-20T11:12:45","modified_gmt":"2024-08-20T14:12:45","slug":"el-capitan-de-supervelero-bayesian-sobrevivio-al-naufragio-y-hablo-sobre-la-tormenta-que-lo-provoco-no-la-vimos-venir","status":"publish","type":"post","link":"https:\/\/elfaroonline.com.ar\/index.php\/2024\/08\/20\/el-capitan-de-supervelero-bayesian-sobrevivio-al-naufragio-y-hablo-sobre-la-tormenta-que-lo-provoco-no-la-vimos-venir\/","title":{"rendered":"El capit\u00e1n de supervelero Bayesian sobrevivi\u00f3 al naufragio y habl\u00f3 sobre la tormenta que lo provoc\u00f3: \u201cNo la vimos venir\u201d"},"content":{"rendered":"<p class=\"paragraph\" data-mrf-recirculation=\"Links inline\">El capit\u00e1n del superyate <b>Bayesian <\/b>rompi\u00f3 el silencio despu\u00e9s de que el barco se hundiera el lunes frente a la costa de <b>Sicilia<\/b>.<\/p>\n<div class=\"news-module\" data-mrf-recirculation=\"IL_GBLs3HYWRq2RgU4Qz8MM1Q\" data-testid=\"text-html\" data-mrf-experience=\"IL_GBLs3HYWRq2RgU4Qz8MM1Q\">\n<div class=\"recommended-card__info\"><b>James Catfield<\/b>, que capitaneaba el lujoso velero que se hundi\u00f3 frente a la costa de <b>Porticello<\/b>, cerca de Palermo, se limit\u00f3 a decir: \u201c<b>No la vimos venir\u201d<\/b>, dijo en declaraciones al diario italiano <i>La Repubblica, <\/i>en referencia a la poderosa y repentina tormenta que hundi\u00f3 el <b>Bayesian <\/b>el lunes a la madrugada.<\/div>\n<div><b>Catfield <\/b>fue descrito por el medio como <b>\u201csin fuerzas\u201d<\/b> mientras esperaba fuera de una sala de urgencias en la ciudad siciliana de Termini Imerese. El capit\u00e1n fue trasladado a la ciudad junto con otros cuatro pasajeros del Bayesian.<\/div>\n<div>Se cree que el yate se encontraba a poco m\u00e1s de <b>700 metros del puerto cuando la zona fue azotada por un violento tornado <\/b>mientras los pasajeros dorm\u00edan. El ancla del barco estaba echada y los fuertes vientos le hicieron perder el equilibrio, lo que se cree que provoc\u00f3 su hundimiento.<\/div>\n<div>\n<p class=\"paragraph\" data-mrf-recirculation=\"Links inline\">La Guardia costera intervino tras el hundimiento del <b>velero que llevaba a 22 personas a bordo<\/b>, 10 tripulantes y 12 pasajeros, y pudo<b> rescatar a 15 de ellos<\/b>, que lograron subir a cubierta y cayeron al agua.<\/p>\n<p class=\"paragraph\" data-mrf-recirculation=\"Links inline\">Mientras,<b> los buzos recuperaron este lunes el cuerpo de un miembro de la tripulaci\u00f3n<\/b>, el cocinero <b>Ricardo Tomas<\/b>, de nacionalidad francesa.<\/p>\n<p class=\"paragraph\" data-mrf-recirculation=\"Links inline\">Adem\u00e1s, hay seis desparecidos: el presidente del banco Morgan Stanley International, <b>Jonathan Bloomer<\/b>, y su esposa, el magnate brit\u00e1nico <b>Mike Lynch<\/b> y su hija Hannah, de 18 a\u00f1os, el abogado de Lynch, <b>Chris Morvillo<\/b>, con su esposa Nada.<\/p>\n<\/div>\n<\/div>\n","protected":false},"excerpt":{"rendered":"<p>El capit\u00e1n del superyate Bayesian rompi\u00f3 el silencio despu\u00e9s de que el barco se hundiera el lunes frente a la costa de Sicilia. James Catfield, que capitaneaba el lujoso velero que se hundi\u00f3 frente a la costa de Porticello, cerca de Palermo, se limit\u00f3 a decir: \u201cNo la vimos venir\u201d, dijo en declaraciones al diario [&hellip;]<\/p>\n","protected":false},"author":2,"featured_media":1839,"comment_status":"open","ping_status":"open","sticky":false,"template":"","format":"standard","meta":{"footnotes":""},"categories":[24],"tags":[],"class_list":{"0":"post-1838","1":"post","2":"type-post","3":"status-publish","4":"format-standard","5":"has-post-thumbnail","7":"category-mundo"},"aioseo_notices":[],"_links":{"self":[{"href":"https:\/\/elfaroonline.com.ar\/index.php\/wp-json\/wp\/v2\/posts\/1838","targetHints":{"allow":["GET"]}}],"collection":[{"href":"https:\/\/elfaroonline.com.ar\/index.php\/wp-json\/wp\/v2\/posts"}],"about":[{"href":"https:\/\/elfaroonline.com.ar\/index.php\/wp-json\/wp\/v2\/types\/post"}],"author":[{"embeddable":true,"href":"https:\/\/elfaroonline.com.ar\/index.php\/wp-json\/wp\/v2\/users\/2"}],"replies":[{"embeddable":true,"href":"https:\/\/elfaroonline.com.ar\/index.php\/wp-json\/wp\/v2\/comments?post=1838"}],"version-history":[{"count":1,"href":"https:\/\/elfaroonline.com.ar\/index.php\/wp-json\/wp\/v2\/posts\/1838\/revisions"}],"predecessor-version":[{"id":1840,"href":"https:\/\/elfaroonline.com.ar\/index.php\/wp-json\/wp\/v2\/posts\/1838\/revisions\/1840"}],"wp:featuredmedia":[{"embeddable":true,"href":"https:\/\/elfaroonline.com.ar\/index.php\/wp-json\/wp\/v2\/media\/1839"}],"wp:attachment":[{"href":"https:\/\/elfaroonline.com.ar\/index.php\/wp-json\/wp\/v2\/media?parent=1838"}],"wp:term":[{"taxonomy":"category","embeddable":true,"href":"https:\/\/elfaroonline.com.ar\/index.php\/wp-json\/wp\/v2\/categories?post=1838"},{"taxonomy":"post_tag","embeddable":true,"href":"https:\/\/elfaroonline.com.ar\/index.php\/wp-json\/wp\/v2\/tags?post=1838"}],"curies":[{"name":"wp","href":"https:\/\/api.w.org\/{rel}","templated":true}]}}