{"id":1856,"date":"2024-08-24T08:03:32","date_gmt":"2024-08-24T11:03:32","guid":{"rendered":"https:\/\/elfaroonline.com.ar\/?p=1856"},"modified":"2024-08-24T08:03:32","modified_gmt":"2024-08-24T11:03:32","slug":"entrevistas-a-postulados-para-cargos-judiciales","status":"publish","type":"post","link":"https:\/\/elfaroonline.com.ar\/index.php\/2024\/08\/24\/entrevistas-a-postulados-para-cargos-judiciales\/","title":{"rendered":"Entrevistas a postulados para cargos judiciales"},"content":{"rendered":"<p>La Comisi\u00f3n de Asuntos Constitucionales, Peticiones y Poderes de la C\u00e1mara de Senadores recibi\u00f3 esta ma\u00f1ana a las y los abogados Ana Daniela Barrionuevo, Mar\u00eda Lucia Cano, Jos\u00e9 Mauricio Quispe y Eugenio Joaqu\u00edn Acs Acu\u00f1a en el marco del tratamiento de pliegos enviados por el Poder Ejecutivo para la designaci\u00f3n de funcionarios judiciales.<\/p>\n<p>En tal sentido, la Comisi\u00f3n presidida por la senadora Virginia Del Arco inici\u00f3 con las entrevistas que incluyen el tratamiento y evaluaci\u00f3n de los 16 pliegos que ingresaron la semana pasada y que debe dar acuerdo el Senado en cumplimiento a lo normado en el Art\u00edculo 89 de la Constituci\u00f3n Provincial.<\/p>\n<p>Barrionuevo est\u00e1 postulada para el cargo de Jueza de Sentencia en lo Criminal para la Primera Circunscripci\u00f3n; Cano es propuesta como Jueza de Quinta Nominaci\u00f3n por la Primera Circunscripci\u00f3n; a Quispe se lo presenta para el cargo de Juez Civil de Primera Instancia por la Primera Circunscripci\u00f3n; en tanto que Acs Acu\u00f1a es postulado para ocupar el cargo de Juez de Ejecuci\u00f3n Penal de Segunda Nominaci\u00f3n para la Primera Circunscripci\u00f3n.<\/p>\n<p>En la oportunidad fueron parte de las reuniones las y los legisladores miembros de dicha Comisi\u00f3n ampliada al resto del Cuerpo, Romina Williams, Noem\u00ed Casas, Andrea Lobo, Soledad Blas, Horacio Gutierr\u00e9z, Jos\u00e9 Pio Carletta, Ram\u00f3n Figueroa Castellanos, Guillermo Ferreyra, Mario Gershani, Augusto Ojeda, y Ariel Cordero.<\/p>\n","protected":false},"excerpt":{"rendered":"<p>La Comisi\u00f3n de Asuntos Constitucionales, Peticiones y Poderes de la C\u00e1mara de Senadores recibi\u00f3 esta ma\u00f1ana a las y los abogados Ana Daniela Barrionuevo, Mar\u00eda Lucia Cano, Jos\u00e9 Mauricio Quispe y Eugenio Joaqu\u00edn Acs Acu\u00f1a en el marco del tratamiento de pliegos enviados por el Poder Ejecutivo para la designaci\u00f3n de funcionarios judiciales. En tal [&hellip;]<\/p>\n","protected":false},"author":2,"featured_media":1857,"comment_status":"open","ping_status":"open","sticky":false,"template":"","format":"standard","meta":{"footnotes":""},"categories":[21],"tags":[],"class_list":{"0":"post-1856","1":"post","2":"type-post","3":"status-publish","4":"format-standard","5":"has-post-thumbnail","7":"category-politica"},"aioseo_notices":[],"_links":{"self":[{"href":"https:\/\/elfaroonline.com.ar\/index.php\/wp-json\/wp\/v2\/posts\/1856","targetHints":{"allow":["GET"]}}],"collection":[{"href":"https:\/\/elfaroonline.com.ar\/index.php\/wp-json\/wp\/v2\/posts"}],"about":[{"href":"https:\/\/elfaroonline.com.ar\/index.php\/wp-json\/wp\/v2\/types\/post"}],"author":[{"embeddable":true,"href":"https:\/\/elfaroonline.com.ar\/index.php\/wp-json\/wp\/v2\/users\/2"}],"replies":[{"embeddable":true,"href":"https:\/\/elfaroonline.com.ar\/index.php\/wp-json\/wp\/v2\/comments?post=1856"}],"version-history":[{"count":1,"href":"https:\/\/elfaroonline.com.ar\/index.php\/wp-json\/wp\/v2\/posts\/1856\/revisions"}],"predecessor-version":[{"id":1858,"href":"https:\/\/elfaroonline.com.ar\/index.php\/wp-json\/wp\/v2\/posts\/1856\/revisions\/1858"}],"wp:featuredmedia":[{"embeddable":true,"href":"https:\/\/elfaroonline.com.ar\/index.php\/wp-json\/wp\/v2\/media\/1857"}],"wp:attachment":[{"href":"https:\/\/elfaroonline.com.ar\/index.php\/wp-json\/wp\/v2\/media?parent=1856"}],"wp:term":[{"taxonomy":"category","embeddable":true,"href":"https:\/\/elfaroonline.com.ar\/index.php\/wp-json\/wp\/v2\/categories?post=1856"},{"taxonomy":"post_tag","embeddable":true,"href":"https:\/\/elfaroonline.com.ar\/index.php\/wp-json\/wp\/v2\/tags?post=1856"}],"curies":[{"name":"wp","href":"https:\/\/api.w.org\/{rel}","templated":true}]}}