{"id":1859,"date":"2024-08-24T08:06:47","date_gmt":"2024-08-24T11:06:47","guid":{"rendered":"https:\/\/elfaroonline.com.ar\/?p=1859"},"modified":"2024-08-24T08:06:47","modified_gmt":"2024-08-24T11:06:47","slug":"red-star-estreno-nuevas-obras-en-la-infraestructura-de-su-club","status":"publish","type":"post","link":"https:\/\/elfaroonline.com.ar\/index.php\/2024\/08\/24\/red-star-estreno-nuevas-obras-en-la-infraestructura-de-su-club\/","title":{"rendered":"Red Star estren\u00f3 nuevas obras en la infraestructura de su club"},"content":{"rendered":"<p class=\"v1MsoNormal\">El gobernador Ra\u00fal Jalil particip\u00f3 del acto de inauguraci\u00f3n oficial de importantes refacciones en el Club Red Star, donde se realizaron mejoras en la instalaci\u00f3n deportiva con aportes del Gobierno provincial.<\/p>\n<p class=\"v1MsoNormal\">Las obras incluyeron la colocaci\u00f3n de un piso flotante en la cancha auxiliar, la instalaci\u00f3n de arcos de f\u00fatbol y bancos para suplentes, la renovaci\u00f3n de los vestuarios, la remodelaci\u00f3n de la cancha principal, as\u00ed como el arreglo del pasillo y el port\u00f3n de entrada. Todas estas intervenciones significaron una inversi\u00f3n de m\u00e1s de $59 millones de pesos.<\/p>\n<p class=\"v1MsoNormal\">Durante el acto, el presidente de la instituci\u00f3n, Exequiel Romero, expres\u00f3 su gratitud hacia las madres de los chicos que asisten al club, la comisi\u00f3n directiva, y todos aquellos que practican deportes en el lugar diariamente.<\/p>\n<p class=\"v1MsoNormal\">Romero destac\u00f3 que &#8220;estamos ante un hecho hist\u00f3rico&#8221;, subrayando la importancia de las obras, que siempre se realizan pensando en el futuro del club. Emocionado, agradeci\u00f3 al gobernador Ra\u00fal Jalil por su colaboraci\u00f3n constante y el apoyo que permiti\u00f3 concretar estas refacciones.<\/p>\n<p class=\"v1MsoNormal\">Acompa\u00f1aron en el acto el secretario de Deportes, Guillermo Perna; la presidenta de la C\u00e1mara de Diputados, Paola Fedeli; el diputado Gustavo Aguirre; la secretaria de Estado de Gabinete, Luz Soria, adem\u00e1s del asesor General de Gobierno, Nicol\u00e1s Rosales Matienzo.<\/p>\n","protected":false},"excerpt":{"rendered":"<p>El gobernador Ra\u00fal Jalil particip\u00f3 del acto de inauguraci\u00f3n oficial de importantes refacciones en el Club Red Star, donde se realizaron mejoras en la instalaci\u00f3n deportiva con aportes del Gobierno provincial. Las obras incluyeron la colocaci\u00f3n de un piso flotante en la cancha auxiliar, la instalaci\u00f3n de arcos de f\u00fatbol y bancos para suplentes, la [&hellip;]<\/p>\n","protected":false},"author":2,"featured_media":1860,"comment_status":"open","ping_status":"open","sticky":false,"template":"","format":"standard","meta":{"footnotes":""},"categories":[25],"tags":[],"class_list":{"0":"post-1859","1":"post","2":"type-post","3":"status-publish","4":"format-standard","5":"has-post-thumbnail","7":"category-deportes"},"aioseo_notices":[],"_links":{"self":[{"href":"https:\/\/elfaroonline.com.ar\/index.php\/wp-json\/wp\/v2\/posts\/1859","targetHints":{"allow":["GET"]}}],"collection":[{"href":"https:\/\/elfaroonline.com.ar\/index.php\/wp-json\/wp\/v2\/posts"}],"about":[{"href":"https:\/\/elfaroonline.com.ar\/index.php\/wp-json\/wp\/v2\/types\/post"}],"author":[{"embeddable":true,"href":"https:\/\/elfaroonline.com.ar\/index.php\/wp-json\/wp\/v2\/users\/2"}],"replies":[{"embeddable":true,"href":"https:\/\/elfaroonline.com.ar\/index.php\/wp-json\/wp\/v2\/comments?post=1859"}],"version-history":[{"count":1,"href":"https:\/\/elfaroonline.com.ar\/index.php\/wp-json\/wp\/v2\/posts\/1859\/revisions"}],"predecessor-version":[{"id":1861,"href":"https:\/\/elfaroonline.com.ar\/index.php\/wp-json\/wp\/v2\/posts\/1859\/revisions\/1861"}],"wp:featuredmedia":[{"embeddable":true,"href":"https:\/\/elfaroonline.com.ar\/index.php\/wp-json\/wp\/v2\/media\/1860"}],"wp:attachment":[{"href":"https:\/\/elfaroonline.com.ar\/index.php\/wp-json\/wp\/v2\/media?parent=1859"}],"wp:term":[{"taxonomy":"category","embeddable":true,"href":"https:\/\/elfaroonline.com.ar\/index.php\/wp-json\/wp\/v2\/categories?post=1859"},{"taxonomy":"post_tag","embeddable":true,"href":"https:\/\/elfaroonline.com.ar\/index.php\/wp-json\/wp\/v2\/tags?post=1859"}],"curies":[{"name":"wp","href":"https:\/\/api.w.org\/{rel}","templated":true}]}}