{"id":1862,"date":"2024-08-24T08:09:26","date_gmt":"2024-08-24T11:09:26","guid":{"rendered":"https:\/\/elfaroonline.com.ar\/?p=1862"},"modified":"2024-08-24T08:09:26","modified_gmt":"2024-08-24T11:09:26","slug":"gobierno-y-la-federacion-economica-trabajaran-en-conjunto-en-acciones-de-control-de-precios","status":"publish","type":"post","link":"https:\/\/elfaroonline.com.ar\/index.php\/2024\/08\/24\/gobierno-y-la-federacion-economica-trabajaran-en-conjunto-en-acciones-de-control-de-precios\/","title":{"rendered":"Gobierno y la Federaci\u00f3n Econ\u00f3mica trabajar\u00e1n en conjunto en acciones de control de precios"},"content":{"rendered":"<p class=\"v1MsoNormal\">El gobernador Ra\u00fal Jalil, acompa\u00f1ado por la ministra de Econom\u00eda, Alejandra Nazareno y el ministro de Gobierno, Justicia y Derechos Humanos, Fernando \u00c1vila, se reuni\u00f3 con la comisi\u00f3n directiva de la Federaci\u00f3n Econ\u00f3mica de Catamarca (FECa), encabezada por su presidente, Marcelo Coll, para dialogar sobre temas clave para el desarrollo econ\u00f3mico de la provincia. Durante el encuentro se ratific\u00f3 el compromiso de fortalecer el di\u00e1logo abierto entre los empresarios locales y el gobierno.<\/p>\n<p class=\"v1MsoNormal\">Los empresarios reafirmaron su intenci\u00f3n de continuar colaborando con el Gobierno provincial en la implementaci\u00f3n de acciones y medidas en materia tributaria y de desarrollo econ\u00f3mico. En la reuni\u00f3n, tambi\u00e9n se discuti\u00f3 la importancia de mantener y fortalecer programas como el One Shot, que impulsan la econom\u00eda local.<\/p>\n<p class=\"v1MsoNormal\">Marcelo Coll, presidente de la FECa, destac\u00f3 que la reuni\u00f3n fue de car\u00e1cter institucional y se\u00f1al\u00f3 que se abordaron temas relacionados con la situaci\u00f3n econ\u00f3mica actual de la provincia.<\/p>\n<p class=\"v1MsoNormal\">En cuanto a la solicitud de grandes cadenas de supermercados de integrarse al programa One Shot Plus, Coll dej\u00f3 en claro la oposici\u00f3n de la FECa a esta propuesta, argumentando que el programa fue dise\u00f1ado espec\u00edficamente para beneficiar a los productores y comerciantes catamarque\u00f1os.<\/p>\n<p class=\"v1MsoNormal\">Adem\u00e1s, Coll respald\u00f3 las acciones de control de precios que el Gobierno llevar\u00e1 a cabo en la pr\u00f3xima edici\u00f3n del One Shot Plus, programada para realizarse del lunes 26 de agosto al domingo 1 de septiembre. &#8220;Estamos trabajando y aportando entre todos los comerciantes, a pesar de que algunos intenten aprovecharse para incrementar sus utilidades a costa de los dem\u00e1s&#8221;, enfatiz\u00f3.<\/p>\n<p class=\"v1MsoNormal\">Por otro lado, durante el encuentro tambi\u00e9n se dialog\u00f3 sobre el avance en la regularizaci\u00f3n de diversas asociaciones a trav\u00e9s de la Direcci\u00f3n de Personer\u00edas Jur\u00eddicas. Asimismo, la FECa est\u00e1 trabajando en la creaci\u00f3n de un Instituto de la Realidad Econ\u00f3mica de la provincia y en la posibilidad de reactivar la Agencia para el Desarrollo Econ\u00f3mico de Catamarca (ADEC).<\/p>\n","protected":false},"excerpt":{"rendered":"<p>El gobernador Ra\u00fal Jalil, acompa\u00f1ado por la ministra de Econom\u00eda, Alejandra Nazareno y el ministro de Gobierno, Justicia y Derechos Humanos, Fernando \u00c1vila, se reuni\u00f3 con la comisi\u00f3n directiva de la Federaci\u00f3n Econ\u00f3mica de Catamarca (FECa), encabezada por su presidente, Marcelo Coll, para dialogar sobre temas clave para el desarrollo econ\u00f3mico de la provincia. Durante [&hellip;]<\/p>\n","protected":false},"author":2,"featured_media":1863,"comment_status":"open","ping_status":"open","sticky":false,"template":"","format":"standard","meta":{"footnotes":""},"categories":[23,21],"tags":[],"class_list":{"0":"post-1862","1":"post","2":"type-post","3":"status-publish","4":"format-standard","5":"has-post-thumbnail","7":"category-destacados","8":"category-politica"},"aioseo_notices":[],"_links":{"self":[{"href":"https:\/\/elfaroonline.com.ar\/index.php\/wp-json\/wp\/v2\/posts\/1862","targetHints":{"allow":["GET"]}}],"collection":[{"href":"https:\/\/elfaroonline.com.ar\/index.php\/wp-json\/wp\/v2\/posts"}],"about":[{"href":"https:\/\/elfaroonline.com.ar\/index.php\/wp-json\/wp\/v2\/types\/post"}],"author":[{"embeddable":true,"href":"https:\/\/elfaroonline.com.ar\/index.php\/wp-json\/wp\/v2\/users\/2"}],"replies":[{"embeddable":true,"href":"https:\/\/elfaroonline.com.ar\/index.php\/wp-json\/wp\/v2\/comments?post=1862"}],"version-history":[{"count":1,"href":"https:\/\/elfaroonline.com.ar\/index.php\/wp-json\/wp\/v2\/posts\/1862\/revisions"}],"predecessor-version":[{"id":1864,"href":"https:\/\/elfaroonline.com.ar\/index.php\/wp-json\/wp\/v2\/posts\/1862\/revisions\/1864"}],"wp:featuredmedia":[{"embeddable":true,"href":"https:\/\/elfaroonline.com.ar\/index.php\/wp-json\/wp\/v2\/media\/1863"}],"wp:attachment":[{"href":"https:\/\/elfaroonline.com.ar\/index.php\/wp-json\/wp\/v2\/media?parent=1862"}],"wp:term":[{"taxonomy":"category","embeddable":true,"href":"https:\/\/elfaroonline.com.ar\/index.php\/wp-json\/wp\/v2\/categories?post=1862"},{"taxonomy":"post_tag","embeddable":true,"href":"https:\/\/elfaroonline.com.ar\/index.php\/wp-json\/wp\/v2\/tags?post=1862"}],"curies":[{"name":"wp","href":"https:\/\/api.w.org\/{rel}","templated":true}]}}