{"id":1865,"date":"2024-08-24T08:12:53","date_gmt":"2024-08-24T11:12:53","guid":{"rendered":"https:\/\/elfaroonline.com.ar\/?p=1865"},"modified":"2024-08-24T08:12:53","modified_gmt":"2024-08-24T11:12:53","slug":"catamarca-recibe-a-la-cuarta-fecha-del-infanto-juvenil-de-ciclismo","status":"publish","type":"post","link":"https:\/\/elfaroonline.com.ar\/index.php\/2024\/08\/24\/catamarca-recibe-a-la-cuarta-fecha-del-infanto-juvenil-de-ciclismo\/","title":{"rendered":"Catamarca recibe a la cuarta fecha del Infanto Juvenil de Ciclismo"},"content":{"rendered":"<p class=\"v1MsoNormal\">Con el apoyo de la Secretar\u00eda de Deportes de la provincia y la Subsecretar\u00eda de Deporte y Juventud del municipio de la Capital, Catamarca ser\u00e1 sede el pr\u00f3ximo 25 agosto de la Copa Nacional de Ciclismo Infanto-Juvenil, &#8220;Autonom\u00eda de Catamarca&#8221; un encuentro de alcance nacional que congregar\u00e1 a m\u00e1s de 250 ciclistas, provenientes de las distintas provincias de la Argentina.<\/p>\n<p class=\"v1MsoNormal\">La competici\u00f3n es organizada por la Subcomisi\u00f3n de Ciclismo de Estudiantes de La Tablada y el Club 9 de Julio y fiscalizada por la Asociaci\u00f3n Catamarque\u00f1a de Ciclismo. De la presentaci\u00f3n participaron \u00a0el secretario de Deportes, Guillermo Perna, la directora general de coordinaci\u00f3n de la Secretaria de Gobierno de la Municipalidad de la Capital, Ruth Rodr\u00edguez; el presidente de la Asociaci\u00f3n de Ciclismo, Ra\u00fal Alan\u00eds; y el encargado del Vel\u00f3dromo Municipal, Walter Yapura.<\/p>\n<p class=\"v1MsoNormal\">&#8220;Es un evento deportivo de gran importancia para la ciudad porque dinamiza la actividad tur\u00edstica, gastron\u00f3mica y comercial&#8221; recalc\u00f3 Perna durante la presentaci\u00f3n que tuvo lugar este jueves en el Estadio Bicentenario.<\/p>\n<p class=\"v1MsoNormal\">Las competencias tendr\u00e1n lugar en el Vel\u00f3dromo municipal ubicado en la zona sur de la ciudad. El d\u00eda domingo, las carreras dar\u00e1n inicio a las 8,30 como parte de la cuarta fecha del Campeonato Nacional Infanto-Juvenil &#8220;Autonom\u00eda de Catamarca&#8221; y tomar\u00e1n parte ciclistas de 4 a 18 a\u00f1os de edad divididos en 13 categor\u00edas.<\/p>\n","protected":false},"excerpt":{"rendered":"<p>Con el apoyo de la Secretar\u00eda de Deportes de la provincia y la Subsecretar\u00eda de Deporte y Juventud del municipio de la Capital, Catamarca ser\u00e1 sede el pr\u00f3ximo 25 agosto de la Copa Nacional de Ciclismo Infanto-Juvenil, &#8220;Autonom\u00eda de Catamarca&#8221; un encuentro de alcance nacional que congregar\u00e1 a m\u00e1s de 250 ciclistas, provenientes de las [&hellip;]<\/p>\n","protected":false},"author":2,"featured_media":1866,"comment_status":"open","ping_status":"open","sticky":false,"template":"","format":"standard","meta":{"footnotes":""},"categories":[25],"tags":[],"class_list":{"0":"post-1865","1":"post","2":"type-post","3":"status-publish","4":"format-standard","5":"has-post-thumbnail","7":"category-deportes"},"aioseo_notices":[],"_links":{"self":[{"href":"https:\/\/elfaroonline.com.ar\/index.php\/wp-json\/wp\/v2\/posts\/1865","targetHints":{"allow":["GET"]}}],"collection":[{"href":"https:\/\/elfaroonline.com.ar\/index.php\/wp-json\/wp\/v2\/posts"}],"about":[{"href":"https:\/\/elfaroonline.com.ar\/index.php\/wp-json\/wp\/v2\/types\/post"}],"author":[{"embeddable":true,"href":"https:\/\/elfaroonline.com.ar\/index.php\/wp-json\/wp\/v2\/users\/2"}],"replies":[{"embeddable":true,"href":"https:\/\/elfaroonline.com.ar\/index.php\/wp-json\/wp\/v2\/comments?post=1865"}],"version-history":[{"count":1,"href":"https:\/\/elfaroonline.com.ar\/index.php\/wp-json\/wp\/v2\/posts\/1865\/revisions"}],"predecessor-version":[{"id":1867,"href":"https:\/\/elfaroonline.com.ar\/index.php\/wp-json\/wp\/v2\/posts\/1865\/revisions\/1867"}],"wp:featuredmedia":[{"embeddable":true,"href":"https:\/\/elfaroonline.com.ar\/index.php\/wp-json\/wp\/v2\/media\/1866"}],"wp:attachment":[{"href":"https:\/\/elfaroonline.com.ar\/index.php\/wp-json\/wp\/v2\/media?parent=1865"}],"wp:term":[{"taxonomy":"category","embeddable":true,"href":"https:\/\/elfaroonline.com.ar\/index.php\/wp-json\/wp\/v2\/categories?post=1865"},{"taxonomy":"post_tag","embeddable":true,"href":"https:\/\/elfaroonline.com.ar\/index.php\/wp-json\/wp\/v2\/tags?post=1865"}],"curies":[{"name":"wp","href":"https:\/\/api.w.org\/{rel}","templated":true}]}}